{"id":839,"date":"2018-08-20T12:07:26","date_gmt":"2018-08-20T10:07:26","guid":{"rendered":"https:\/\/dus4you.de\/?p=839"},"modified":"2019-01-19T20:07:02","modified_gmt":"2019-01-19T19:07:02","slug":"fleher-schuetzenfest-2018","status":"publish","type":"post","link":"https:\/\/dus4you.de\/index.php\/2018\/08\/20\/fleher-schuetzenfest-2018\/","title":{"rendered":"Fleher Sch\u00fctzenfest 2018\u2026"},"content":{"rendered":"<p><img loading=\"lazy\" decoding=\"async\" class=\"alignnone size-full wp-image-828\" src=\"https:\/\/dus4you.de\/wp-content\/uploads\/2018\/08\/IMG_2424.jpg\" alt=\"\" width=\"4084\" height=\"2644\" srcset=\"https:\/\/dus4you.de\/wp-content\/uploads\/2018\/08\/IMG_2424.jpg 4084w, https:\/\/dus4you.de\/wp-content\/uploads\/2018\/08\/IMG_2424-300x194.jpg 300w, https:\/\/dus4you.de\/wp-content\/uploads\/2018\/08\/IMG_2424-768x497.jpg 768w, https:\/\/dus4you.de\/wp-content\/uploads\/2018\/08\/IMG_2424-1024x663.jpg 1024w\" sizes=\"auto, (max-width: 4084px) 100vw, 4084px\" \/><\/p>\n<p>\u2026die Fleher Sch\u00fctzenbruderschaft wurde am vergangenen Wochenende vom Wetter verw\u00f6hnt. \u201eNicht zu hei\u00df, aber auch nicht zu kalt und die N\u00e4chte optimal\u2026\u201c: So konnte man von vielen Sch\u00fctzen, aber auch Besuchern h\u00f6ren.<\/p>\n<p>Aber nun zum Samstag. Der Fackelzug 2018 \u2013 dazu gaben die Fleher Sch\u00fctzen auf ihrer Facebook-Seite die nachfolgende Erkl\u00e4rung zu den Fackeln ab:<\/p>\n<p>\u201eEs ist so weit, die Vorbereitungen sind abgeschlossen, das Dorf ist geschm\u00fcckt: Mit dem Fackelzug am Samstag um 20:00 Uhr startet wieder das Fleher Sch\u00fctzenfest. Insgesamt 5 Kompanien nehmen in diesem Jahr lokale Gegebenheiten mit Ihren Scherztransparenten aufs Korn.<\/p>\n<p>Die erste Fackel im Umzug ist die der 1. J\u00e4ger Kompanie.<br \/>\nSie nehmen einen Ausflug des Reitervereins aufs Korn. Die Kameraden hatten eine Schiffstour in Duisburg unternommen, bei der das Schiff havarierte und steuerlos gegen die Hafenmauer gesto\u00dfen ist. Somit wird auf der Fackel der J\u00e4gerkompanie aus dem Reiterverein \u201eGut Gl\u00fcck\u201c der Reiterverein \u201eGut Gluck, Gluck, Gluck\u201c. Die Kameraden werden es mit Humor nehmen.<\/p>\n<p>Als zweites ist die Fackel des Reitervereins zu sehen.<br \/>\nDiese erinnert humorvoll daran, dass mal am Flughafen aufpassen sollte, seinen Flieger auch zu nehmen. Drei Bekannten Flehern aus dem \u201eHerrenclub\u201c ist dies im letzten Jahr auf dem Flughafen Lissabon nicht gelungen. Die Reiterkameraden kommentieren dies unter anderem mit \u201eBurger, Bier und noch auf\u2019s Klo \u2013 weg war der Flieger von Fina, L\u00f6sch und Jo.\u201c<\/p>\n<p>Es schlie\u00dft sich die Fackel der C\u00e4cilienkompanie an, die ebenfalls den Unfall auf der Reitertour zum Thema hat.<br \/>\nHier wird der Unfall tats\u00e4chlich live nachgespielt: Das auf der Fackel bewegliche Schiff rammt immer wieder die dargestellte Hafenmauer. Da au\u00dfer ein paar Schrammen die Reiterkameraden glimpflich davongekommen sind, ist ein klein wenig Schadenfreude erlaubt: Hinten auf der Fackel ist zu lesen \u201eDie Reiter haben ne Tour gemacht, wo ganz Flehe dr\u00fcber lacht!\u201c<\/p>\n<p>Die vorletzte Fackel im Zug ist die der 1. Hubertus J\u00e4ger Kompanie,<br \/>\ndie eine relativ neue Gepflogenheit zu Ostern auf dem Krahkampweg darstellt: Den Osterrosenmontag\u201c. Seit wenigen Jahren treffen sich einige Freunde am Ostermontag in Pl\u00fcschverkleidungen dort und begie\u00dfen den Tag ausgiebig. Das Spektakel war auch schon auf Facebook zu sehen. Die Fackel stellt \u00fcbergro\u00dfe rosa Osterhasen mitsamt \u00fcberdimensioniertem Osterei dar. Dazu steht geschrieben: \u201eWenn Andre sich um die Flasche dreht, ist Ostern auf dem Krahkampweg\u201c.<\/p>\n<p>Und dann war da noch der Spielmann,<br \/>\nder gegen Ende vom letzten Heimatfest noch die Toilette aufsuchten musste. Von dort kam er aber nicht wieder weil er offensichtlich eingeschlafen war. Die Szene ist bildlich auf der Fackel nachgestellt. Da der Kamerad tats\u00e4chlich beim letzten Kontrollgang nach Abschluss des Festes gefunden wurde, ist auf der Fackel gro\u00df zu lesen: \u201eZum Gl\u00fcck am Heimatfest geweckt, sonst h\u00e4tte man ihn Kirmes erst entdeckt\u201c.<\/p>\n<p>Doch damit nicht genug: Auch in diesem Jahr haben gleich von zweier Kompanien die Kinder (Pagen), eine eigene Fackel gebaut. Die Pagen der Andreas-Hofer Kompanie stellen auf Ihrer Fackel den laufenden Umbau der Fleher Grundschule dar. Mit Spr\u00fcchen wie \u201eNeue Schule oh wie fein, k\u00f6nnte nur schon fertig sein\u201c. Dass auch der Schulbetrieb in der Umbauphase leidet, kommentieren die Kids mit \u201eFu\u00dfballspielen auf dem Hof, finden Bauarbeiter doof\u201c.<\/p>\n<p>Die Pagen der 1. Hubertus-J\u00e4ger Kompanie stellen auf Ihrer Fackel den extremen Sommer dar. Unter dem Motto \u201eSommer Ole \u2013 Wasserschlacht in der Fleh!\u201c sind mit Wasser spielende Kinder auf der Fackel zu sehen.<\/p>\n<p>Selbstverst\u00e4ndlich starten die Kinderfackeln au\u00dfer Konkurrenz und werden nicht bewertet, die Erwachsenen Sch\u00fctzen wollen schlie\u00dflich eine Chance auf gute Platzierungen haben. Die Kids werden f\u00fcr Ihre M\u00fche dann mit Gutscheinen einer bekannten Eisdiele entlohnt.\u201c (Text von FB \u2013 Sankt-Sebastianus-Sch\u00fctzenbruderschaft D\u00fcsseldorf Flehe e.V.)<\/p>\n<p>Das erste Video zeigt den Fackelzug von Samstag \u2013 viel Spa\u00df dabei\u2026<\/p>\n<p><iframe loading=\"lazy\" title=\"Sch\u00fctzen Flehe - Fackelzug 2018\" width=\"1778\" height=\"1000\" src=\"https:\/\/www.youtube.com\/embed\/qFDZWk1M5Xg?feature=oembed\" frameborder=\"0\" allow=\"accelerometer; autoplay; clipboard-write; encrypted-media; gyroscope; picture-in-picture; web-share\" referrerpolicy=\"strict-origin-when-cross-origin\" allowfullscreen><\/iframe><\/p>\n<p>Am Sonntag war der gro\u00dfe Festzug das Highlight des Tages. Wie auch schon in den Jahren zuvor ein farbenpr\u00e4chtiges Schauspiel. Die Parade fand auf der Fleherstra\u00dfe \u2013 H\u00f6he Sch\u00fctzenplatz statt und wurde von begeisterten Zuschauern bejubelt.<\/p>\n<p>Montag wird der neue Sch\u00fctzenk\u00f6nig ermittelt, der dann am Dienstag stimmungsvoll beim Kr\u00f6nungsball gekr\u00f6nt wird.<\/p>\n<p>Das zweite Video zeigt den Festzug von Sonntag \u2013 auch hier viel Spa\u00df beim Anschauen\u2026<\/p>\n<p><iframe loading=\"lazy\" title=\"Sch\u00fctzen Flehe -  Festzug 2018\" width=\"1778\" height=\"1000\" src=\"https:\/\/www.youtube.com\/embed\/fFhKi81i6Yw?feature=oembed\" frameborder=\"0\" allow=\"accelerometer; autoplay; clipboard-write; encrypted-media; gyroscope; picture-in-picture; web-share\" referrerpolicy=\"strict-origin-when-cross-origin\" allowfullscreen><\/iframe><\/p>\n","protected":false},"excerpt":{"rendered":"<p>\u2026die Fleher Sch\u00fctzenbruderschaft wurde am vergangenen Wochenende vom Wetter verw\u00f6hnt. \u201eNicht zu hei\u00df, aber auch nicht zu kalt und die N\u00e4chte optimal\u2026\u201c: So konnte man von vielen Sch\u00fctzen, aber auch Besuchern h\u00f6ren. Aber nun zum Samstag. Der Fackelzug 2018 \u2013 dazu gaben die Fleher Sch\u00fctzen auf ihrer Facebook-Seite die nachfolgende Erkl\u00e4rung zu den Fackeln ab:&hellip; <br \/> <a class=\"button small blue\" href=\"https:\/\/dus4you.de\/index.php\/2018\/08\/20\/fleher-schuetzenfest-2018\/\">Weiterlesen<\/a><\/p>\n","protected":false},"author":2,"featured_media":0,"comment_status":"closed","ping_status":"closed","sticky":false,"template":"","format":"standard","meta":{"footnotes":""},"categories":[1],"tags":[],"class_list":["post-839","post","type-post","status-publish","format-standard","has-post-thumbnail","hentry","category-duesseldorf4you"],"_links":{"self":[{"href":"https:\/\/dus4you.de\/index.php\/wp-json\/wp\/v2\/posts\/839","targetHints":{"allow":["GET"]}}],"collection":[{"href":"https:\/\/dus4you.de\/index.php\/wp-json\/wp\/v2\/posts"}],"about":[{"href":"https:\/\/dus4you.de\/index.php\/wp-json\/wp\/v2\/types\/post"}],"author":[{"embeddable":true,"href":"https:\/\/dus4you.de\/index.php\/wp-json\/wp\/v2\/users\/2"}],"replies":[{"embeddable":true,"href":"https:\/\/dus4you.de\/index.php\/wp-json\/wp\/v2\/comments?post=839"}],"version-history":[{"count":0,"href":"https:\/\/dus4you.de\/index.php\/wp-json\/wp\/v2\/posts\/839\/revisions"}],"wp:attachment":[{"href":"https:\/\/dus4you.de\/index.php\/wp-json\/wp\/v2\/media?parent=839"}],"wp:term":[{"taxonomy":"category","embeddable":true,"href":"https:\/\/dus4you.de\/index.php\/wp-json\/wp\/v2\/categories?post=839"},{"taxonomy":"post_tag","embeddable":true,"href":"https:\/\/dus4you.de\/index.php\/wp-json\/wp\/v2\/tags?post=839"}],"curies":[{"name":"wp","href":"https:\/\/api.w.org\/{rel}","templated":true}]}}