{"id":821,"date":"2018-08-17T09:05:11","date_gmt":"2018-08-17T07:05:11","guid":{"rendered":"https:\/\/dus4you.de\/?p=821"},"modified":"2019-01-19T20:07:23","modified_gmt":"2019-01-19T19:07:23","slug":"europa-schuetzenfest-in-leudal-nl","status":"publish","type":"post","link":"https:\/\/dus4you.de\/index.php\/2018\/08\/17\/europa-schuetzenfest-in-leudal-nl\/","title":{"rendered":"Europa-Sch\u00fctzenfest in Leudal (NL)\u2026"},"content":{"rendered":"<p><img loading=\"lazy\" decoding=\"async\" class=\"alignnone size-full wp-image-823\" src=\"https:\/\/dus4you.de\/wp-content\/uploads\/2018\/08\/Reg_Wappen_850x954.png\" alt=\"\" width=\"267\" height=\"300\" \/><\/p>\n<p>&nbsp;<\/p>\n<p>Gleich zwei Mitglieder des Bilker Sch\u00fctzenvereins werden am 17.08.2018 beim Europa-Sch\u00fctzenfest in Leudal (NL) in die Ritterschaft des Heiligen Sebastian in Europa aufgenommen. Diese Ritterschaft ist dem Hause Habsburg zugeh\u00f6rig und besteht aus rund 500 Menschen, die seit \u00fcber 2000 Jahre die gelebten Werte des christlichen Abendlandes erhalten und weiterzugeben m\u00f6chten.<\/p>\n<p>&nbsp;<\/p>\n<p><img loading=\"lazy\" decoding=\"async\" class=\"alignnone size-full wp-image-819\" src=\"https:\/\/dus4you.de\/wp-content\/uploads\/2018\/08\/Michael_Kohn.jpg\" alt=\"\" width=\"2956\" height=\"2970\" srcset=\"https:\/\/dus4you.de\/wp-content\/uploads\/2018\/08\/Michael_Kohn.jpg 2956w, https:\/\/dus4you.de\/wp-content\/uploads\/2018\/08\/Michael_Kohn-150x150.jpg 150w, https:\/\/dus4you.de\/wp-content\/uploads\/2018\/08\/Michael_Kohn-300x300.jpg 300w, https:\/\/dus4you.de\/wp-content\/uploads\/2018\/08\/Michael_Kohn-768x772.jpg 768w, https:\/\/dus4you.de\/wp-content\/uploads\/2018\/08\/Michael_Kohn-1019x1024.jpg 1019w\" sizes=\"auto, (max-width: 2956px) 100vw, 2956px\" \/><\/p>\n<p>&nbsp;<\/p>\n<p>Michael Kohn<br \/>\nist Oberst des Bilker Sch\u00fctzenregiments und geh\u00f6rt der Germania Kompanie an. Von klein auf ist er dabei. Bereits mit 22 Jahren wurde er Bataillonsadjudant, 6 Jahre sp\u00e4ter Regimentsadjudant. Dieses Amt f\u00fchrte er 18 Jahre bis zur Ernennung zum Oberst aus.<br \/>\nWer Michael Kohn kennt, der wei\u00df auch \u00fcber seine immerw\u00e4hrende Hilfsbereitschaft zu berichten. Michael ist \u00fcberall dort, wo Hilfe gebraucht wird. So besucht er in seiner knappen Freizeit auch Kameraden, die im Hospiz oder Krankenhaus liegen. Er k\u00fcmmert sich um soziale Belange, ebenso um sein Offizierscorps, aus dem unter seiner F\u00fchrung Zusammenhalt und Unterst\u00fctzung f\u00fcr das Bilker Regiment entstanden ist.<br \/>\nEgal ob Osterfeuer, Nachwuchsarbeit oder Neuerungen beim Sch\u00fctzenfest, vieles was in diesem Verein passiert entspringt seinen Ideen und seiner Durchsetzungskraft, immer mit dem Gedanken verbunden alte Traditionen zeitgem\u00e4\u00df umzusetzen.<\/p>\n<p><img loading=\"lazy\" decoding=\"async\" class=\"alignnone size-full wp-image-820\" src=\"https:\/\/dus4you.de\/wp-content\/uploads\/2018\/08\/Ursula_Krombholz.jpg\" alt=\"\" width=\"2423\" height=\"2409\" srcset=\"https:\/\/dus4you.de\/wp-content\/uploads\/2018\/08\/Ursula_Krombholz.jpg 2423w, https:\/\/dus4you.de\/wp-content\/uploads\/2018\/08\/Ursula_Krombholz-150x150.jpg 150w, https:\/\/dus4you.de\/wp-content\/uploads\/2018\/08\/Ursula_Krombholz-300x298.jpg 300w, https:\/\/dus4you.de\/wp-content\/uploads\/2018\/08\/Ursula_Krombholz-768x764.jpg 768w, https:\/\/dus4you.de\/wp-content\/uploads\/2018\/08\/Ursula_Krombholz-1024x1018.jpg 1024w\" sizes=\"auto, (max-width: 2423px) 100vw, 2423px\" \/><\/p>\n<p>Ursula Krombholz<br \/>\nStark f\u00fcr ein soziales Miteinander macht sich auch Ursula Krombholz aus den Reihen der f\u00fcnften Sch\u00fctzen Gesellschaft.<br \/>\nVor der Jahrtausendwende baute sie mit ihrem Mann die erfolgreiche Sch\u00fctzenjugend der Dritten Grenadiere auf. Wie bei vielen anderen Sch\u00fctzen auch, beschr\u00e4nkt sich ihre T\u00e4tigkeit nicht nur auf den Verein. So war Ursula Krombholz 12 Jahre ehrenamtlich im Hospiz am EVK t\u00e4tig um Menschen auf dem letzten St\u00fcck des Lebensweges zu begleiten. Das Miteinander der Menschen steht bei ihr im Vordergrund, sp\u00fcrbar auch bei ihrer T\u00e4tigkeit im Friseursalon Figaro an der Bilker Allee. Gemeinsam mit Ehemann Rene Krombholz, der auch das Informationsportal www.schuetzenwesen.eu und die Multimediaplattform www.schuetzenwesen.tv betreibt, sind beide unterwegs um das wirkliche Gesicht des Sch\u00fctzenwesens aktuell zu pr\u00e4sentieren.<\/p>\n<p>Damit haben die Bilker Sch\u00fctzen jetzt nach Axel Uebels der im Jahr 2014 den Ritterschlag erhielt, davor Rene Krombholz (2012), vier Mitglieder in der europaweiten Ritterschaft.<\/p>\n<p>Europ\u00e4ische Gemeinschaft Historischer Sch\u00fctzen (EGS)<br \/>\nDas Einzugsgebiet der EGS erstreckt sich von der Nederl\u00e4ndischen Nordseek\u00fcste bis in die Ukraine, von Schweden bis Italien. Als Beitrag zu einem vereinten Europa will die EGS Traditionen, Sitten und Gebr\u00e4uche der angeschlossenen Verb\u00e4nde bewahren und sch\u00fctzend unterst\u00fctzen. Dies jedoch unter der gr\u00f6\u00dften Ber\u00fccksichtigung der Selbst\u00e4ndigkeit und des besonderen Charakters jeden einzelnen Mitgliedsverbandes. In der EGS ist ein eigenes Sozialwerk t\u00e4tig, das Spendenaufkommen betrug im Jahr 2017 stolze 12.491,64 \u20ac.<\/p>\n<p>Ritterschaft von Hl. Sebastianus in Europa<br \/>\nErster Gro\u00dfmeister war seine kaiserliche und k\u00f6nigliche Hoheit, Erzherzog Dr. Otto von Habsburg, seit 2008 hat Sohn Karl dieses Amt \u00fcbernommen. Die Ritterschaft wurde \u00fcber die Verfassung an das Haus Habsburg gebunden, welches in jedem Fall den Gro\u00dfmeister stellt. Prior ist Charles-Louis Prinz von Merode.<\/p>\n<p>Menschen, die sich aktiv f\u00fcr die christliche Entwicklung und den Fortbestand eines christlichen Europas einsetzen, werden mit den entsprechenden Insignien in die Ritterschaft aufgenommen. Die Ritterschaft ist getreu ihrem Leitsatz f\u00fcr ein konfessions\u00fcbergreifendes christliches Europa t\u00e4tig. Aufgenommen werden auch Frauen, schlie\u00dflich standen diese in den urspr\u00fcnglichen Sch\u00fctzengilden als Marketenderinnen oder Bogensch\u00fctzen den M\u00e4nnern zur Seite.<\/p>\n","protected":false},"excerpt":{"rendered":"<p>&nbsp; Gleich zwei Mitglieder des Bilker Sch\u00fctzenvereins werden am 17.08.2018 beim Europa-Sch\u00fctzenfest in Leudal (NL) in die Ritterschaft des Heiligen Sebastian in Europa aufgenommen. Diese Ritterschaft ist dem Hause Habsburg zugeh\u00f6rig und besteht aus rund 500 Menschen, die seit \u00fcber 2000 Jahre die gelebten Werte des christlichen Abendlandes erhalten und weiterzugeben m\u00f6chten. &nbsp; &nbsp; Michael&hellip; <br \/> <a class=\"button small blue\" href=\"https:\/\/dus4you.de\/index.php\/2018\/08\/17\/europa-schuetzenfest-in-leudal-nl\/\">Weiterlesen<\/a><\/p>\n","protected":false},"author":2,"featured_media":0,"comment_status":"closed","ping_status":"closed","sticky":false,"template":"","format":"standard","meta":{"footnotes":""},"categories":[1],"tags":[],"class_list":["post-821","post","type-post","status-publish","format-standard","has-post-thumbnail","hentry","category-duesseldorf4you"],"_links":{"self":[{"href":"https:\/\/dus4you.de\/index.php\/wp-json\/wp\/v2\/posts\/821","targetHints":{"allow":["GET"]}}],"collection":[{"href":"https:\/\/dus4you.de\/index.php\/wp-json\/wp\/v2\/posts"}],"about":[{"href":"https:\/\/dus4you.de\/index.php\/wp-json\/wp\/v2\/types\/post"}],"author":[{"embeddable":true,"href":"https:\/\/dus4you.de\/index.php\/wp-json\/wp\/v2\/users\/2"}],"replies":[{"embeddable":true,"href":"https:\/\/dus4you.de\/index.php\/wp-json\/wp\/v2\/comments?post=821"}],"version-history":[{"count":0,"href":"https:\/\/dus4you.de\/index.php\/wp-json\/wp\/v2\/posts\/821\/revisions"}],"wp:attachment":[{"href":"https:\/\/dus4you.de\/index.php\/wp-json\/wp\/v2\/media?parent=821"}],"wp:term":[{"taxonomy":"category","embeddable":true,"href":"https:\/\/dus4you.de\/index.php\/wp-json\/wp\/v2\/categories?post=821"},{"taxonomy":"post_tag","embeddable":true,"href":"https:\/\/dus4you.de\/index.php\/wp-json\/wp\/v2\/tags?post=821"}],"curies":[{"name":"wp","href":"https:\/\/api.w.org\/{rel}","templated":true}]}}