{"id":794,"date":"2018-08-01T12:21:29","date_gmt":"2018-08-01T10:21:29","guid":{"rendered":"https:\/\/dus4you.de\/?p=794"},"modified":"2019-01-19T20:07:44","modified_gmt":"2019-01-19T19:07:44","slug":"schuetzenfest-in-niederkassel-2018","status":"publish","type":"post","link":"https:\/\/dus4you.de\/index.php\/2018\/08\/01\/schuetzenfest-in-niederkassel-2018\/","title":{"rendered":"Sch\u00fctzenfest in Niederkassel 2018&#8230;"},"content":{"rendered":"<p><img loading=\"lazy\" decoding=\"async\" class=\"alignnone size-full wp-image-793\" src=\"https:\/\/dus4you.de\/wp-content\/uploads\/2018\/08\/K\u00f6nigspaar-Walli-und-Karl-Heinz-Ropertz-e1533118640608.jpg\" alt=\"\" width=\"2336\" height=\"3504\" srcset=\"https:\/\/dus4you.de\/wp-content\/uploads\/2018\/08\/K\u00f6nigspaar-Walli-und-Karl-Heinz-Ropertz-e1533118640608.jpg 2336w, https:\/\/dus4you.de\/wp-content\/uploads\/2018\/08\/K\u00f6nigspaar-Walli-und-Karl-Heinz-Ropertz-e1533118640608-200x300.jpg 200w, https:\/\/dus4you.de\/wp-content\/uploads\/2018\/08\/K\u00f6nigspaar-Walli-und-Karl-Heinz-Ropertz-e1533118640608-768x1152.jpg 768w, https:\/\/dus4you.de\/wp-content\/uploads\/2018\/08\/K\u00f6nigspaar-Walli-und-Karl-Heinz-Ropertz-e1533118640608-683x1024.jpg 683w\" sizes=\"auto, (max-width: 2336px) 100vw, 2336px\" \/><\/p>\n<p>Von Samstag, den 11.08.2018 bis Dienstag, den 14.08.2018 findet zum 111. Mal die l\u00e4ngste Nacht in Niederkassel statt. Der Niederkasseler Sch\u00fctzenverein veranstaltet allj\u00e4hrlich am zweiten Wochenende im August dieses berauschende Fest f\u00fcr die Freunde des Sommerbrauchtums.<\/p>\n<p>H\u00f6hepunkte des d\u00f6rflichen Festes sind am Kirmessamstag der <strong>Gro\u00dfe Zapfenstreich<\/strong>, der erstmals auf dem Hof der <strong>\u201eBrennerei Schmittmann\u201c<\/strong> und dem <strong>\u201eBrauhaus Joh. Albrecht\u201c<\/strong> stattfinden wird, sowie die gro\u00dfe Sch\u00fctzenparade am Kirmessonntag auf der Niederkasseler Stra\u00dfe.<\/p>\n<p>Die Parade ist auch der H\u00f6hepunkt des K\u00f6nigsjahres von <strong>Karl-Heinz<\/strong> und <strong>Walli Ropertz<\/strong>.<br \/>\n<strong>Karl-Heinz<\/strong> errang im vergangenen Jahr die K\u00f6nigsw\u00fcrde und hat das Niederkasseler Regiment ein Jahr bei vielen Gelegenheiten w\u00fcrdig vertreten. Ihre Nachfolger werden am darauffolgenden Montag um 18.00 Uhr auf dem Kirmesplatz unterhalb der Theodor-Heuss-Br\u00fccke ermittelt. Wir sind gespannt\u2026<\/p>\n<p>Ganz besonders freuen die Niederkasseler und Ihre G\u00e4ste wieder auf den Samstagabend: Seit vielen Jahren sorgt die D\u00fcsseldorfer Kult-Band <strong>\u201ePorno al Forno\u201c<\/strong> f\u00fcr Stimmung im Sch\u00fctzenzelt. Doch in diesem Jahr bekommt die Band auch noch Unterst\u00fctzung: die vier Jungs der Band <strong>\u201eMoneymakers\u201c<\/strong> werden als Vorband die Stimmung im Festzelt steigen lassen.<\/p>\n","protected":false},"excerpt":{"rendered":"<p>Von Samstag, den 11.08.2018 bis Dienstag, den 14.08.2018 findet zum 111. Mal die l\u00e4ngste Nacht in Niederkassel statt. Der Niederkasseler Sch\u00fctzenverein veranstaltet allj\u00e4hrlich am zweiten Wochenende im August dieses berauschende Fest f\u00fcr die Freunde des Sommerbrauchtums. H\u00f6hepunkte des d\u00f6rflichen Festes sind am Kirmessamstag der Gro\u00dfe Zapfenstreich, der erstmals auf dem Hof der \u201eBrennerei Schmittmann\u201c und&hellip; <br \/> <a class=\"button small blue\" href=\"https:\/\/dus4you.de\/index.php\/2018\/08\/01\/schuetzenfest-in-niederkassel-2018\/\">Weiterlesen<\/a><\/p>\n","protected":false},"author":2,"featured_media":0,"comment_status":"closed","ping_status":"closed","sticky":false,"template":"","format":"standard","meta":{"footnotes":""},"categories":[1],"tags":[],"class_list":["post-794","post","type-post","status-publish","format-standard","has-post-thumbnail","hentry","category-duesseldorf4you"],"_links":{"self":[{"href":"https:\/\/dus4you.de\/index.php\/wp-json\/wp\/v2\/posts\/794","targetHints":{"allow":["GET"]}}],"collection":[{"href":"https:\/\/dus4you.de\/index.php\/wp-json\/wp\/v2\/posts"}],"about":[{"href":"https:\/\/dus4you.de\/index.php\/wp-json\/wp\/v2\/types\/post"}],"author":[{"embeddable":true,"href":"https:\/\/dus4you.de\/index.php\/wp-json\/wp\/v2\/users\/2"}],"replies":[{"embeddable":true,"href":"https:\/\/dus4you.de\/index.php\/wp-json\/wp\/v2\/comments?post=794"}],"version-history":[{"count":0,"href":"https:\/\/dus4you.de\/index.php\/wp-json\/wp\/v2\/posts\/794\/revisions"}],"wp:attachment":[{"href":"https:\/\/dus4you.de\/index.php\/wp-json\/wp\/v2\/media?parent=794"}],"wp:term":[{"taxonomy":"category","embeddable":true,"href":"https:\/\/dus4you.de\/index.php\/wp-json\/wp\/v2\/categories?post=794"},{"taxonomy":"post_tag","embeddable":true,"href":"https:\/\/dus4you.de\/index.php\/wp-json\/wp\/v2\/tags?post=794"}],"curies":[{"name":"wp","href":"https:\/\/api.w.org\/{rel}","templated":true}]}}