{"id":761,"date":"2018-07-21T20:24:56","date_gmt":"2018-07-21T18:24:56","guid":{"rendered":"https:\/\/dus4you.de\/?p=761"},"modified":"2019-01-19T20:08:12","modified_gmt":"2019-01-19T19:08:12","slug":"wir-freuen-uns-schon-jetzt-auf-das-naechste-jahr","status":"publish","type":"post","link":"https:\/\/dus4you.de\/index.php\/2018\/07\/21\/wir-freuen-uns-schon-jetzt-auf-das-naechste-jahr\/","title":{"rendered":"Wir freuen uns schon jetzt auf das n\u00e4chste Jahr\u2026"},"content":{"rendered":"<p><img loading=\"lazy\" decoding=\"async\" class=\"alignnone size-full wp-image-758\" src=\"https:\/\/dus4you.de\/wp-content\/uploads\/2018\/07\/image-1.jpeg\" alt=\"\" width=\"3582\" height=\"3456\" srcset=\"https:\/\/dus4you.de\/wp-content\/uploads\/2018\/07\/image-1.jpeg 3582w, https:\/\/dus4you.de\/wp-content\/uploads\/2018\/07\/image-1-300x289.jpeg 300w, https:\/\/dus4you.de\/wp-content\/uploads\/2018\/07\/image-1-768x741.jpeg 768w, https:\/\/dus4you.de\/wp-content\/uploads\/2018\/07\/image-1-1024x988.jpeg 1024w\" sizes=\"auto, (max-width: 3582px) 100vw, 3582px\" \/><\/p>\n<p>\u2026nur noch am morgigen Sonntag und dann ist auch das Sch\u00fctzen- und Volksfest 2018 auch schon wieder Geschichte.<\/p>\n<p>Bei strahlendem Wetter fanden die Umz\u00fcge der D\u00fcsseldorf Sch\u00fctzen 1316 statt. Tausende Menschen s\u00e4umten die Stra\u00dfen rund um St. Lambertus in der Altstadt und auf der K\u00f6nigsallee. H\u00f6hepunkt war die Parade des Festzuges auf der Reitallee \u2013 ein wirklich imposanter Ort.<\/p>\n<p>Die Kirmes war wieder gut best\u00fcckt, es gab neue Fahrgesch\u00e4fte und einen neuen Besucherrekord.<\/p>\n<p>Fazit: Wetter sch\u00f6n, Sch\u00fctzenzug klasse \u2013 eine Kirmes der Superlative, die keine W\u00fcnsche offen l\u00e4sst, kurz ein Top-Event in D\u00fcsseldorf. D4Y freut sich\u00a0auf 2019.<\/p>\n<p>Wir haben nat\u00fcrlich den gesamten Sch\u00fctzenzug von Sonntag auf Video \u2013 viel Spa\u00df beim Anschauen.<\/p>\n<p><iframe loading=\"lazy\" title=\"Festzug der D\u00fcsseldorfer Sch\u00fctzen 2018\" width=\"1778\" height=\"1000\" src=\"https:\/\/www.youtube.com\/embed\/xzcSoRh6bu4?feature=oembed\" frameborder=\"0\" allow=\"accelerometer; autoplay; clipboard-write; encrypted-media; gyroscope; picture-in-picture; web-share\" referrerpolicy=\"strict-origin-when-cross-origin\" allowfullscreen><\/iframe><\/p>\n","protected":false},"excerpt":{"rendered":"<p>\u2026nur noch am morgigen Sonntag und dann ist auch das Sch\u00fctzen- und Volksfest 2018 auch schon wieder Geschichte. Bei strahlendem Wetter fanden die Umz\u00fcge der D\u00fcsseldorf Sch\u00fctzen 1316 statt. Tausende Menschen s\u00e4umten die Stra\u00dfen rund um St. Lambertus in der Altstadt und auf der K\u00f6nigsallee. H\u00f6hepunkt war die Parade des Festzuges auf der Reitallee \u2013&hellip; <br \/> <a class=\"button small blue\" href=\"https:\/\/dus4you.de\/index.php\/2018\/07\/21\/wir-freuen-uns-schon-jetzt-auf-das-naechste-jahr\/\">Weiterlesen<\/a><\/p>\n","protected":false},"author":2,"featured_media":0,"comment_status":"closed","ping_status":"closed","sticky":false,"template":"","format":"standard","meta":{"footnotes":""},"categories":[1],"tags":[],"class_list":["post-761","post","type-post","status-publish","format-standard","has-post-thumbnail","hentry","category-duesseldorf4you"],"_links":{"self":[{"href":"https:\/\/dus4you.de\/index.php\/wp-json\/wp\/v2\/posts\/761","targetHints":{"allow":["GET"]}}],"collection":[{"href":"https:\/\/dus4you.de\/index.php\/wp-json\/wp\/v2\/posts"}],"about":[{"href":"https:\/\/dus4you.de\/index.php\/wp-json\/wp\/v2\/types\/post"}],"author":[{"embeddable":true,"href":"https:\/\/dus4you.de\/index.php\/wp-json\/wp\/v2\/users\/2"}],"replies":[{"embeddable":true,"href":"https:\/\/dus4you.de\/index.php\/wp-json\/wp\/v2\/comments?post=761"}],"version-history":[{"count":0,"href":"https:\/\/dus4you.de\/index.php\/wp-json\/wp\/v2\/posts\/761\/revisions"}],"wp:attachment":[{"href":"https:\/\/dus4you.de\/index.php\/wp-json\/wp\/v2\/media?parent=761"}],"wp:term":[{"taxonomy":"category","embeddable":true,"href":"https:\/\/dus4you.de\/index.php\/wp-json\/wp\/v2\/categories?post=761"},{"taxonomy":"post_tag","embeddable":true,"href":"https:\/\/dus4you.de\/index.php\/wp-json\/wp\/v2\/tags?post=761"}],"curies":[{"name":"wp","href":"https:\/\/api.w.org\/{rel}","templated":true}]}}