{"id":34620,"date":"2026-09-06T08:30:13","date_gmt":"2026-09-06T06:30:13","guid":{"rendered":"https:\/\/dus4you.de\/index.php\/2026\/09\/06\/brauchtum-presse-aktuell-vom-06-09-2026\/"},"modified":"2026-09-06T08:30:13","modified_gmt":"2026-09-06T06:30:13","slug":"brauchtum-presse-aktuell-vom-06-09-2026","status":"publish","type":"post","link":"https:\/\/dus4you.de\/index.php\/2026\/09\/06\/brauchtum-presse-aktuell-vom-06-09-2026\/","title":{"rendered":"Brauchtum Presse aktuell vom 06.09.2026"},"content":{"rendered":"<p>Brauchtum Presse aktuell Was \u00fcber D\u00fcsseldorfer Karneval, Sch\u00fctzenwesen, Kirmes und gelebte Tradition berichtet wird: DUS4YOU sammelt externe Medienberichte als kompakte Link\u00fcbersicht.<\/p>\n<p><em>Hinweis: Diese Presseschau enth\u00e4lt reine Textlinks zu externen Originalartikeln. Es werden keine fremden Bilder, Teasertexte oder Volltexte \u00fcbernommen.<\/em><\/p>\n<h3>Ddorf-Aktuell \u2013 Allgemein<\/h3>\n<ul>\n<li><a href=\"https:\/\/www.ddorf-aktuell.de\/2026\/09\/05\/duesseldorf-derendorfer-jonges-feiern-ihr-70-jaehriges-jubilaeum\/\" target=\"_blank\" rel=\"noopener nofollow\">D\u00fcsseldorf: Derendorfer Jonges feiern ihr 70-j\u00e4hriges Jubil\u00e4um<\/a><br \/><small>Quelle: Ddorf-Aktuell \u2013 Allgemein \u00b7 05.09.2026 18:48 \u00b7 www.ddorf-aktuell.de<\/small><\/li>\n<\/ul>\n<h3>RP Online \u2013 D\u00fcsseldorfer Brauchtum<\/h3>\n<ul>\n<li><a href=\"https:\/\/news.google.com\/rss\/articles\/CBMi5gFBVV95cUxQOTA3aW5tWWQwZURsS2hxZUNtcjJ6bldtZTFvSUt1TXNHdlVQcjFhb2huNlFzS1BkdFZ3eC1lQkJFazZMMWgzdDFxUVFZbHd2MjZFa2MtTnl6UmM0bWNvRUQ0WWlrYXZRNHpRVk5FeGcxbURmaWV5OGp0LXhBaHktNllkazFFbW5mUHVmWm90RkdHUEVrY3VHZUFCd25JYmJ1SkVIQlpybzZ2YWZsdkJRRWFCRTd6UDZ2aU5iMmNSWEp1WmZsVUpYMXlDZzExTmV3ZndWcmdMQ1B0OHJCSU9QN0JsUXFvUQ?oc=5\" target=\"_blank\" rel=\"noopener nofollow\">Altstadtflohmarkt, Stadtsch\u00fctzenfest und Bobbycar-Rennen \u2013 die besten Tipps f\u00fcrs Wochenende &#8211; RP Online<\/a><br \/><small>Quelle: RP Online \u2013 D\u00fcsseldorfer Brauchtum \u00b7 04.09.2026 18:34 \u00b7 news.google.com<\/small><\/li>\n<\/ul>\n<h3>Google News \u2013 D\u00fcsseldorfer Sch\u00fctzenfest<\/h3>\n<ul>\n<li><a href=\"https:\/\/news.google.com\/rss\/articles\/CBMi1AFBVV95cUxQMmIyR2RQR19aSmdxcTRUUE1waEs2Ny1hWHhhdEM4Qk11Z3BpRW9Sa1lfQVhhUWVFa1ZYckxjMG9wMkpFRC1sU0wyUzVMSEhUeGVUZ0hMSTRQeHRXeVZUZ3pvVUFTOWtNbnNwN09KNUxaQjdBQklaOGJOTzhGanMxLU16cHBPVDJ5UkQwSTdDYW95TlFOQlJ0Y2ZxLWdKMTZuamFNclNzT3lSTzlXSFp6NWJZQTNsYmlFSHZBdEw2d25GamEzVWVXWmFZdDM0bDM5M1dVdQ?oc=5\" target=\"_blank\" rel=\"noopener nofollow\">Brauchtum in D\u00fcsseldorf: Parade, Klompenball und viel Musik \u2013 Holthausener feiern Sch\u00fctzenfest &#8211; RP Online<\/a><br \/><small>Quelle: Google News \u2013 D\u00fcsseldorfer Sch\u00fctzenfest \u00b7 01.09.2026 09:06 \u00b7 news.google.com<\/small><\/li>\n<\/ul>\n<h2>Aus der DUS4YOU-Redaktion<\/h2>\n<p>Erg\u00e4nzend zur externen Presseschau: unsere aktuellen Beitr\u00e4ge zu D\u00fcsseldorfer Brauchtum und Vereinsleben.<\/p>\n<ul>\n<li><a href=\"https:\/\/dus4you.de\/index.php\/2026\/09\/05\/wie-duesseldorw-zo-sinne-schotzpatron-kom-91458390\/\">Wie D\u00fcsseldorw zo sinne Schotzpatron kom<\/a><br \/><small>DUS4YOU \u00b7 05.09.2026<\/small><\/li>\n<li><a href=\"https:\/\/dus4you.de\/index.php\/2026\/09\/05\/duesseldorf-raeumt-am-rhein-auf-und-jeder-kann-mitmachen-21973133\/\">D\u00dcSSELDORF R\u00c4UMT AM RHEIN AUF \u2013 UND JEDER KANN MITMACHEN<\/a><br \/><small>DUS4YOU \u00b7 05.09.2026<\/small><\/li>\n<li><a href=\"https:\/\/dus4you.de\/index.php\/2026\/09\/05\/dus4you-live-dabei-fackelzug-in-hamm-und-parade-in-holthausen-35309955\/\">DUS4YOU LIVE DABEI \u2013 FACKELZUG IN HAMM UND PARADE IN HOLTHAUSEN<\/a><br \/><small>DUS4YOU \u00b7 05.09.2026<\/small><\/li>\n<\/ul>\n<p>DUS4YOU verlinkt sauber zum jeweiligen Originalanbieter.<\/p>\n","protected":false},"excerpt":{"rendered":"<p>Brauchtum Presse aktuell Was \u00fcber D\u00fcsseldorfer Karneval, Sch\u00fctzenwesen, Kirmes und gelebte Tradition berichtet wird: DUS4YOU sammelt externe Medienberichte als kompakte Link\u00fcbersicht. Hinweis: Diese Presseschau enth\u00e4lt reine Textlinks zu externen Originalartikeln. Es werden keine fremden Bilder, Teasertexte oder Volltexte \u00fcbernommen. Ddorf-Aktuell \u2013 Allgemein D\u00fcsseldorf: Derendorfer Jonges feiern ihr 70-j\u00e4hriges Jubil\u00e4umQuelle: Ddorf-Aktuell \u2013 Allgemein \u00b7 05.09.2026 18:48 [&hellip;]<\/p>\n","protected":false},"author":1,"featured_media":31104,"comment_status":"closed","ping_status":"closed","sticky":false,"template":"","format":"standard","meta":{"footnotes":""},"categories":[38],"tags":[],"class_list":["post-34620","post","type-post","status-publish","format-standard","has-post-thumbnail","hentry","category-brauchtum-presse-aktuell"],"_links":{"self":[{"href":"https:\/\/dus4you.de\/index.php\/wp-json\/wp\/v2\/posts\/34620","targetHints":{"allow":["GET"]}}],"collection":[{"href":"https:\/\/dus4you.de\/index.php\/wp-json\/wp\/v2\/posts"}],"about":[{"href":"https:\/\/dus4you.de\/index.php\/wp-json\/wp\/v2\/types\/post"}],"author":[{"embeddable":true,"href":"https:\/\/dus4you.de\/index.php\/wp-json\/wp\/v2\/users\/1"}],"replies":[{"embeddable":true,"href":"https:\/\/dus4you.de\/index.php\/wp-json\/wp\/v2\/comments?post=34620"}],"version-history":[{"count":0,"href":"https:\/\/dus4you.de\/index.php\/wp-json\/wp\/v2\/posts\/34620\/revisions"}],"wp:featuredmedia":[{"embeddable":true,"href":"https:\/\/dus4you.de\/index.php\/wp-json\/wp\/v2\/media\/31104"}],"wp:attachment":[{"href":"https:\/\/dus4you.de\/index.php\/wp-json\/wp\/v2\/media?parent=34620"}],"wp:term":[{"taxonomy":"category","embeddable":true,"href":"https:\/\/dus4you.de\/index.php\/wp-json\/wp\/v2\/categories?post=34620"},{"taxonomy":"post_tag","embeddable":true,"href":"https:\/\/dus4you.de\/index.php\/wp-json\/wp\/v2\/tags?post=34620"}],"curies":[{"name":"wp","href":"https:\/\/api.w.org\/{rel}","templated":true}]}}