{"id":34611,"date":"2026-09-05T11:02:03","date_gmt":"2026-09-05T09:02:03","guid":{"rendered":"https:\/\/dus4you.de\/index.php\/2026\/09\/05\/flughafenplaene-liegen-aus-was-soll-sich-beim-flugverkehr-aendern-68633965\/"},"modified":"2026-09-05T11:02:03","modified_gmt":"2026-09-05T09:02:03","slug":"flughafenplaene-liegen-aus-was-soll-sich-beim-flugverkehr-aendern-68633965","status":"publish","type":"post","link":"https:\/\/dus4you.de\/index.php\/2026\/09\/05\/flughafenplaene-liegen-aus-was-soll-sich-beim-flugverkehr-aendern-68633965\/","title":{"rendered":"FLUGHAFENPL\u00c4NE LIEGEN AUS \u2013 WAS SOLL SICH BEIM FLUGVERKEHR \u00c4NDERN?"},"content":{"rendered":"<p>\u261d\ufe0f\ud83e\udef5\ud83d\udc49 FLUGHAFENPL\u00c4NE LIEGEN AUS \u2013 WAS SOLL SICH BEIM FLUGVERKEHR \u00c4NDERN?<\/p>\n<p>Seit dem 2. September liegen die \u00fcberarbeiteten Pl\u00e4ne f\u00fcr die weitere Entwicklung des D\u00fcsseldorfer Flughafens \u00f6ffentlich aus. Auf den ersten Blick klingt die wichtigste Zahl beruhigend: Die bestehende Obergrenze von 131.000 Flugbewegungen in den sechs verkehrsreichsten Monaten soll erhalten bleiben. Trotzdem w\u00fcrde sich innerhalb dieses Rahmens einiges ver\u00e4ndern.<\/p>\n<p>Der Flughafen m\u00f6chte den Anteil des Linien- und Charterverkehrs von derzeit maximal 122.176 auf bis zu 128.000 Flugbewegungen erh\u00f6hen. F\u00fcr den sonstigen Verkehr sollen mindestens 3.000 Bewegungen verbleiben. Es geht also nicht um eine Aufhebung des Gesamtdeckels, sondern um eine andere Nutzung der vorhandenen Kapazit\u00e4t.<\/p>\n<p>Besonders deutlich wird das in den nachfragestarken Stunden. Wenn beide Start- und Landebahnen genutzt werden d\u00fcrfen, sollen k\u00fcnftig bis zu 60 Flugbewegungen pro Stunde koordiniert werden k\u00f6nnen. Derzeit liegt dieser Wert bei maximal 47. Der Flughafen argumentiert, dass sich Verkehrsspitzen damit besser abwickeln und Versp\u00e4tungen reduzieren lie\u00dfen.<\/p>\n<p>Auch bei der Nutzung des Zweibahnsystems wird mehr Flexibilit\u00e4t beantragt. Heute darf der Flughafen zwischen 6 und 22 Uhr insgesamt 56 Stunden pro Woche beide Bahnen nutzen. K\u00fcnftig sollen diese Zeiten bei unvorhersehbaren Ereignissen wie Gewittern oder Engp\u00e4ssen im Luftraum flexibler eingesetzt werden k\u00f6nnen.<\/p>\n<p>Der Airport spricht von \u201esmartem Wachstum\u201c innerhalb der bestehenden Grenzen. Die Nachtflugregelungen sollen unver\u00e4ndert bleiben. Kritiker wie der B\u00fcrgerverein B\u00fcrger gegen Flugl\u00e4rm sehen den Antrag dagegen weiterhin als Kapazit\u00e4tserweiterung und bef\u00fcrchten vor allem eine st\u00e4rkere Belastung in einzelnen Spitzenzeiten.<\/p>\n<p>Zum Verfahren geh\u00f6ren au\u00dferdem bauliche Ma\u00dfnahmen. Geplant sind unter anderem acht zus\u00e4tzliche Flugzeug-Abstellpositionen, \u00c4nderungen an Rollwegen und Vorfeldfl\u00e4chen sowie weitere Eingriffe in bestehende Fl\u00e4chen. Die ausgelegten Unterlagen umfassen deshalb auch Untersuchungen zu Flug- und Bodenl\u00e4rm, Luftqualit\u00e4t, Natur- und Artenschutz sowie weiteren Umweltauswirkungen.<\/p>\n<p>Jetzt k\u00f6nnen sich auch B\u00fcrgerinnen und B\u00fcrger selbst ein Bild machen. Die Unterlagen liegen noch bis einschlie\u00dflich 1. Oktober 2026 \u00f6ffentlich aus.<\/p>\n<p>Online:<br>\nhttps:\/\/beteiligung.nrw.de\/k\/1025382<\/p>\n<p>In D\u00fcsseldorf k\u00f6nnen die Unterlagen au\u00dferdem beim Stadtplanungsamt eingesehen werden:<\/p>\n<p>Brinckmannstra\u00dfe 5<br>\n40225 D\u00fcsseldorf<br>\n4. Etage, Raum 4061<\/p>\n<p>Montag bis Donnerstag:<br>\n9 bis 12 Uhr und 13.30 bis 16 Uhr<\/p>\n<p>Freitag:<br>\n9 bis 13 Uhr<\/p>\n<p>Eine vorherige Anmeldung unter 0211 8996498 ist erforderlich.<\/p>\n<p>Wer durch die ge\u00e4nderten Unterlagen erstmals oder st\u00e4rker in seinen Belangen betroffen ist, kann bis einschlie\u00dflich 15. Oktober 2026 Einwendungen erheben. Das ist auch direkt \u00fcber das Beteiligungsportal m\u00f6glich. Fr\u00fchere zul\u00e4ssige Einwendungen aus dem laufenden Verfahren behalten ihre G\u00fcltigkeit und m\u00fcssen nicht erneut eingereicht werden.<\/p>\n<p>Damit geht ein Verfahren in die n\u00e4chste Runde, das D\u00fcsseldorf und die umliegenden St\u00e4dte bereits seit mehr als einem Jahrzehnt besch\u00e4ftigt. Die entscheidende Frage lautet diesmal weniger, wie viele Flugzeuge insgesamt starten und landen d\u00fcrfen \u2013 sondern wie intensiv die vorhandene Kapazit\u00e4t zu den besonders gefragten Zeiten genutzt werden soll.<\/p>\n<p>#D\u00fcsseldorf #D\u00fcsseldorf4You #DUS4YOU #FlughafenD\u00fcsseldorf #DUSAirport #Flugl\u00e4rm #Verkehr #Stadtleben<\/p>\n<p><a class=\"button\" href=\"https:\/\/www.facebook.com\/1290553509760153\/posts\/1501815368633965\" target=\"_blank\" rel=\"noopener\">Beitrag auf Facebook ansehen<\/a><\/p>\n\n<div class=\"d4yni-embed d4yni-embed-fbpost\"><div class=\"d4yni-embed-inner\"><iframe src=\"https:\/\/www.facebook.com\/plugins\/post.php?href=https%3A%2F%2Fwww.facebook.com%2F1290553509760153%2Fposts%2F1501815368633965&#038;show_text=false&#038;width=500\" width=\"500\" height=\"680\" style=\"border:none;overflow:hidden\" scrolling=\"no\" frameborder=\"0\" allow=\"autoplay; clipboard-write; encrypted-media; picture-in-picture; web-share\"><\/iframe><\/div><\/div>","protected":false},"excerpt":{"rendered":"<p>\u261d\ufe0f\ud83e\udef5\ud83d\udc49 FLUGHAFENPL\u00c4NE LIEGEN AUS \u2013 WAS SOLL SICH BEIM FLUGVERKEHR \u00c4NDERN? Seit dem 2. September liegen die \u00fcberarbeiteten Pl\u00e4ne f\u00fcr die weitere Entwicklung des D\u00fcsseldorfer Flughafens \u00f6ffentlich aus. Auf den ersten Blick klingt die wichtigste Zahl beruhigend: Die bestehende Obergrenze von 131.000 Flugbewegungen in den sechs verkehrsreichsten Monaten soll erhalten bleiben. Trotzdem w\u00fcrde sich innerhalb [&hellip;]<\/p>\n","protected":false},"author":0,"featured_media":34612,"comment_status":"closed","ping_status":"closed","sticky":false,"template":"","format":"standard","meta":{"footnotes":""},"categories":[1],"tags":[],"class_list":["post-34611","post","type-post","status-publish","format-standard","has-post-thumbnail","hentry","category-duesseldorf4you","d4yni-imported"],"_links":{"self":[{"href":"https:\/\/dus4you.de\/index.php\/wp-json\/wp\/v2\/posts\/34611","targetHints":{"allow":["GET"]}}],"collection":[{"href":"https:\/\/dus4you.de\/index.php\/wp-json\/wp\/v2\/posts"}],"about":[{"href":"https:\/\/dus4you.de\/index.php\/wp-json\/wp\/v2\/types\/post"}],"replies":[{"embeddable":true,"href":"https:\/\/dus4you.de\/index.php\/wp-json\/wp\/v2\/comments?post=34611"}],"version-history":[{"count":0,"href":"https:\/\/dus4you.de\/index.php\/wp-json\/wp\/v2\/posts\/34611\/revisions"}],"wp:featuredmedia":[{"embeddable":true,"href":"https:\/\/dus4you.de\/index.php\/wp-json\/wp\/v2\/media\/34612"}],"wp:attachment":[{"href":"https:\/\/dus4you.de\/index.php\/wp-json\/wp\/v2\/media?parent=34611"}],"wp:term":[{"taxonomy":"category","embeddable":true,"href":"https:\/\/dus4you.de\/index.php\/wp-json\/wp\/v2\/categories?post=34611"},{"taxonomy":"post_tag","embeddable":true,"href":"https:\/\/dus4you.de\/index.php\/wp-json\/wp\/v2\/tags?post=34611"}],"curies":[{"name":"wp","href":"https:\/\/api.w.org\/{rel}","templated":true}]}}