{"id":34591,"date":"2026-09-05T08:37:03","date_gmt":"2026-09-05T06:37:03","guid":{"rendered":"https:\/\/dus4you.de\/index.php\/2026\/09\/05\/dus4you-live-dabei-fackelzug-in-hamm-und-parade-in-holthausen-35309955\/"},"modified":"2026-09-05T08:37:03","modified_gmt":"2026-09-05T06:37:03","slug":"dus4you-live-dabei-fackelzug-in-hamm-und-parade-in-holthausen-35309955","status":"publish","type":"post","link":"https:\/\/dus4you.de\/index.php\/2026\/09\/05\/dus4you-live-dabei-fackelzug-in-hamm-und-parade-in-holthausen-35309955\/","title":{"rendered":"DUS4YOU LIVE DABEI \u2013 FACKELZUG IN HAMM UND PARADE IN HOLTHAUSEN"},"content":{"rendered":"<p>\u261d\ufe0f\ud83e\udef5\ud83d\udc49 DUS4YOU LIVE DABEI \u2013 FACKELZUG IN HAMM UND PARADE IN HOLTHAUSEN<\/p>\n<p>Dieses Wochenende geh\u00f6rt in D\u00fcsseldorf ganz klar dem Brauchtum \u2013 und DUS4YOU ist mittendrin. Frank von D\u00fcsseldorf4You nimmt euch am Samstag und Sonntag mit zu zwei der gro\u00dfen H\u00f6hepunkte des Sch\u00fctzenwochenendes.<\/p>\n<p>Am Samstagabend geht es nach Kappeshamm. Um 20 Uhr startet dort der gro\u00dfe Fackelzug der St. Sebastianus Sch\u00fctzenbruderschaft D\u00fcsseldorf-Hamm. Die Sch\u00fctzen ziehen mit ihren Gro\u00dffackeln durch den Ort, bevor anschlie\u00dfend im Festzelt der Heimatabend und die Pr\u00e4mierung der Fackeln folgen. Frank ist f\u00fcr DUS4YOU vor Ort und \u00fcbertr\u00e4gt den Fackelzug f\u00fcr alle, die nicht selbst nach Hamm kommen k\u00f6nnen.<\/p>\n<p>Am Sonntag geht es weiter nach Holthausen. Dort steht ein ganz besonderer Festtag an: Genau 100 Jahre nach dem ersten Holthausener Sch\u00fctzenfest zieht das Regiment wieder durch den Stadtteil. Um 16 Uhr findet die gro\u00dfe Parade auf dem Kamper Acker statt \u2013 und auch dort ist Frank mit DUS4YOU live dabei.<\/p>\n<p>Nat\u00fcrlich ist es am sch\u00f6nsten, Sch\u00fctzenz\u00fcge, Musik und Atmosph\u00e4re direkt am Stra\u00dfenrand zu erleben. Aber wer am Wochenende nicht selbst nach Hamm oder Holthausen kommen kann, muss trotzdem nichts verpassen.<\/p>\n<p>Einfach bei DUS4YOU reinschauen \u2013 dann seid ihr fast so nah dran, als w\u00fcrdet ihr selbst am Stra\u00dfenrand stehen.<\/p>\n<p>SAMSTAG, 5. SEPTEMBER<br>\nGro\u00dfer Fackelzug D\u00fcsseldorf-Hamm<br>\nBeginn des Fackelzugs: 20 Uhr<br>\nLive bei DUS4YOU<\/p>\n<p>SONNTAG, 6. SEPTEMBER<br>\nGro\u00dfe Parade D\u00fcsseldorf-Holthausen<br>\nKamper Acker<br>\nBeginn: 16 Uhr<br>\nLive bei DUS4YOU<\/p>\n<p>Wir sehen uns \u2013 vor Ort oder bei DUS4YOU.<\/p>\n<p>#D\u00fcsseldorf #D\u00fcsseldorf4You #DUS4YOU #Sch\u00fctzenfest #Brauchtum #Kappeshamm #Holthausen #Fackelzug #Parade<\/p>\n<p><a class=\"button\" href=\"https:\/\/www.facebook.com\/1290553509760153\/posts\/1501722135309955\" target=\"_blank\" rel=\"noopener\">Beitrag auf Facebook ansehen<\/a><\/p>\n\n<div class=\"d4yni-embed d4yni-embed-fbpost\"><div class=\"d4yni-embed-inner\"><iframe src=\"https:\/\/www.facebook.com\/plugins\/post.php?href=https%3A%2F%2Fwww.facebook.com%2F1290553509760153%2Fposts%2F1501722135309955&#038;show_text=false&#038;width=500\" width=\"500\" height=\"680\" style=\"border:none;overflow:hidden\" scrolling=\"no\" frameborder=\"0\" allow=\"autoplay; clipboard-write; encrypted-media; picture-in-picture; web-share\"><\/iframe><\/div><\/div>","protected":false},"excerpt":{"rendered":"<p>\u261d\ufe0f\ud83e\udef5\ud83d\udc49 DUS4YOU LIVE DABEI \u2013 FACKELZUG IN HAMM UND PARADE IN HOLTHAUSEN Dieses Wochenende geh\u00f6rt in D\u00fcsseldorf ganz klar dem Brauchtum \u2013 und DUS4YOU ist mittendrin. Frank von D\u00fcsseldorf4You nimmt euch am Samstag und Sonntag mit zu zwei der gro\u00dfen H\u00f6hepunkte des Sch\u00fctzenwochenendes. Am Samstagabend geht es nach Kappeshamm. Um 20 Uhr startet dort der [&hellip;]<\/p>\n","protected":false},"author":0,"featured_media":34592,"comment_status":"closed","ping_status":"closed","sticky":false,"template":"","format":"standard","meta":{"footnotes":""},"categories":[1],"tags":[],"class_list":["post-34591","post","type-post","status-publish","format-standard","has-post-thumbnail","hentry","category-duesseldorf4you","d4yni-imported"],"_links":{"self":[{"href":"https:\/\/dus4you.de\/index.php\/wp-json\/wp\/v2\/posts\/34591","targetHints":{"allow":["GET"]}}],"collection":[{"href":"https:\/\/dus4you.de\/index.php\/wp-json\/wp\/v2\/posts"}],"about":[{"href":"https:\/\/dus4you.de\/index.php\/wp-json\/wp\/v2\/types\/post"}],"replies":[{"embeddable":true,"href":"https:\/\/dus4you.de\/index.php\/wp-json\/wp\/v2\/comments?post=34591"}],"version-history":[{"count":0,"href":"https:\/\/dus4you.de\/index.php\/wp-json\/wp\/v2\/posts\/34591\/revisions"}],"wp:featuredmedia":[{"embeddable":true,"href":"https:\/\/dus4you.de\/index.php\/wp-json\/wp\/v2\/media\/34592"}],"wp:attachment":[{"href":"https:\/\/dus4you.de\/index.php\/wp-json\/wp\/v2\/media?parent=34591"}],"wp:term":[{"taxonomy":"category","embeddable":true,"href":"https:\/\/dus4you.de\/index.php\/wp-json\/wp\/v2\/categories?post=34591"},{"taxonomy":"post_tag","embeddable":true,"href":"https:\/\/dus4you.de\/index.php\/wp-json\/wp\/v2\/tags?post=34591"}],"curies":[{"name":"wp","href":"https:\/\/api.w.org\/{rel}","templated":true}]}}