{"id":34584,"date":"2026-09-04T12:04:03","date_gmt":"2026-09-04T10:04:03","guid":{"rendered":"https:\/\/dus4you.de\/index.php\/2026\/09\/04\/volmerswerth-feiert-von-freitag-bis-montag-das-schuetzenfest-2026-85389320\/"},"modified":"2026-09-04T12:04:03","modified_gmt":"2026-09-04T10:04:03","slug":"volmerswerth-feiert-von-freitag-bis-montag-das-schuetzenfest-2026-85389320","status":"publish","type":"post","link":"https:\/\/dus4you.de\/index.php\/2026\/09\/04\/volmerswerth-feiert-von-freitag-bis-montag-das-schuetzenfest-2026-85389320\/","title":{"rendered":"VOLMERSWERTH FEIERT VON FREITAG BIS MONTAG \u2013 DAS SCH\u00dcTZENFEST 2026"},"content":{"rendered":"<p>\u261d\ufe0f\ud83e\udef5\ud83d\udc49 VOLMERSWERTH FEIERT VON FREITAG BIS MONTAG \u2013 DAS SCH\u00dcTZENFEST 2026<\/p>\n<p>Volmerswerth ver\u00e4ndert in diesem Jahr seinen gewohnten Festablauf. Das Sch\u00fctzen- und Volksfest der St.-Sebastianus-Sch\u00fctzenbruderschaft D\u00fcsseldorf-Volmerswerth von 1924 beginnt bereits am Freitag, 11. September, und endet am Montag, 14. September. Vier Tage lang wird der Sch\u00fctzenplatz an der Volmerswerther Stra\u00dfe 400 gegen\u00fcber der Haltestelle Hellriegelstra\u00dfe damit wieder zum Mittelpunkt des Veedels.<\/p>\n<p>Die Verschiebung ist mehr als eine kleine \u00c4nderung im Kalender. Statt des bisherigen Ablaufs von Samstag bis Dienstag beginnt das Fest 2026 bereits am Freitag. Um 17 Uhr startet die Kirmes auf dem Sch\u00fctzenplatz. Zum Auftakt geh\u00f6ren auch Fassanstich und B\u00f6llerschie\u00dfen. Um 19.30 Uhr steht die Jungsch\u00fctzenmajest\u00e4t im Mittelpunkt, bevor der Jungsch\u00fctzenball den ersten Festabend pr\u00e4gt.<\/p>\n<p>Am Samstag r\u00fcckt das klassische Sch\u00fctzenbrauchtum st\u00e4rker nach vorn. Um 15 Uhr treten alle Sch\u00fctzen gemeinsam mit den Kompaniek\u00f6nigspaaren an. Es folgt ein kleiner Festumzug mit Parade. Ab 16 Uhr werden Jubilare geehrt und die Kompaniek\u00f6nigspaare vorgestellt. Einer der stimmungsvollsten Programmpunkte beginnt um 19.30 Uhr: Dann zieht der Fackelzug vom Sch\u00fctzenplatz durch die festlich beleuchteten Stra\u00dfen Volmerswerths. Anschlie\u00dfend werden die Fackeln im Festzelt pr\u00e4miert. Ab 21.30 Uhr \u00fcbernimmt die Band K\u00e4rnseife die B\u00fchne.<\/p>\n<p>Der Sonntag beginnt fr\u00fch. Bereits um 8 Uhr zieht das Tambourcorps zum traditionellen Wecken durchs Dorf. Um 11 Uhr wird in St. Dionysius die Sch\u00fctzenmesse gefeiert, verbunden mit dem Gedenken an die verstorbenen Sch\u00fctzen und die Opfer der Kriege.<\/p>\n<p>Am Nachmittag geh\u00f6rt Volmerswerth dann den Uniformen, Musikz\u00fcgen und Majest\u00e4ten. Um 14.30 Uhr treten die Sch\u00fctzen auf der Abteihofstra\u00dfe an. Um 15 Uhr wird das Regiment durch Vorstand, K\u00f6nig und Ehreng\u00e4ste abgenommen, danach folgen Festzug durch die Gemeinde und Parade. F\u00fcr das amtierende Regimentsk\u00f6nigspaar Stefan und Jenny D\u00fctz wird dies einer der letzten gro\u00dfen Auftritte ihrer Regentschaft. Stefan D\u00fctz hatte sich 2025 beim K\u00f6nigsschuss durchgesetzt und damit die K\u00f6nigsw\u00fcrde f\u00fcr die Gesellschaft Junker von Volmar errungen. Bei den Jungsch\u00fctzen regiert Antonia Korfmacher mit Max W\u00e4chter an ihrer Seite.<\/p>\n<p>Um 16 Uhr wird der Pagenk\u00f6nig gekr\u00f6nt, anschlie\u00dfend stehen weitere Auszeichnungen auf dem Programm. Der entscheidende Moment des Sonntags folgt um 18.30 Uhr: Beim K\u00f6nigsschuss wird ermittelt, wer Volmerswerth im kommenden Sch\u00fctzenjahr regieren wird. Direkt danach wird die neue Majest\u00e4t proklamiert. Um 21 Uhr beginnt der Dorfabend mit verschiedenen Showacts, darunter die D\u00fcsseldorfer Swinging Funfares.<\/p>\n<p>Auch der Montag besitzt in Volmerswerth einen ganz eigenen Charakter. Um 10.45 Uhr trifft man sich an St. Dionysius zur Spa\u00dfparade. Danach geht es zum gemeinsamen Fr\u00fchst\u00fcck ins Festzelt und zum Frohen Montagmorgen, bei dem der Unterhaltungstwettbewerb der Sch\u00fctzen zum Programm geh\u00f6rt.<\/p>\n<p>Der festliche Abschluss beginnt um 19 Uhr mit dem Abholen des K\u00f6nigspaares und seines Hofstaates. Danach folgt der Kr\u00f6nungsball im Festzelt. Um 20.30 Uhr steht der Gro\u00dfe Zapfenstreich auf dem Programm. Anschlie\u00dfend tritt die Werstener Music Company auf, bevor das neue K\u00f6nigspaar feierlich gekr\u00f6nt und die erfolgreichen Pf\u00e4ndersch\u00fctzen geehrt werden.<\/p>\n<p>Hinter diesen vier Tagen steckt eine Tradition, die in Volmerswerth seit mehr als einem Jahrhundert fest mit dem Dorfleben verbunden ist. Die Bruderschaft wurde 1924 gegr\u00fcndet. Aus bereits bestehenden Vereinen des Ortes bildeten sich damals die ersten Sch\u00fctzenkompanien; noch im Gr\u00fcndungsjahr wurde Willi Schafstein erster Volmerswerther Sch\u00fctzenk\u00f6nig. Zum 100-j\u00e4hrigen Bestehen erinnerte die Bruderschaft 2024 mit einem historischen Jahrmarkt an diese Anf\u00e4nge.<\/p>\n<p>Gerade darin liegt bis heute die Besonderheit des Volmerswerther Festes. Sch\u00fctzenfest bedeutet hier nicht allein Parade, K\u00f6nigsschuss und Festzelt. Tambourcorps, Kompanien, Jungsch\u00fctzen, Musikgruppen, Fackelbauer und viele Helfer tragen gemeinsam dazu bei, dass sich das Fest \u00fcber den Sch\u00fctzenplatz hinaus in die Stra\u00dfen des kleinen Rheindorfs hineinzieht. Wenn Volmerswerth vom 11. bis 14. September feiert, wird damit erneut sichtbar, wie eng Brauchtum und Dorfgemeinschaft im W\u00e4th miteinander verbunden sind.<\/p>\n<p>#D\u00fcsseldorf #D\u00fcsseldorf4You #DUS4YOU #Volmerswerth #Sch\u00fctzenfest #Brauchtum #Sch\u00fctzen #Veedel<\/p>\n<p><a class=\"button\" href=\"https:\/\/www.facebook.com\/1290553509760153\/posts\/1500928485389320\" target=\"_blank\" rel=\"noopener\">Beitrag auf Facebook ansehen<\/a><\/p>\n\n<div class=\"d4yni-embed d4yni-embed-fbpost\"><div class=\"d4yni-embed-inner\"><iframe src=\"https:\/\/www.facebook.com\/plugins\/post.php?href=https%3A%2F%2Fwww.facebook.com%2F1290553509760153%2Fposts%2F1500928485389320&#038;show_text=false&#038;width=500\" width=\"500\" height=\"680\" style=\"border:none;overflow:hidden\" scrolling=\"no\" frameborder=\"0\" allow=\"autoplay; clipboard-write; encrypted-media; picture-in-picture; web-share\"><\/iframe><\/div><\/div>","protected":false},"excerpt":{"rendered":"<p>\u261d\ufe0f\ud83e\udef5\ud83d\udc49 VOLMERSWERTH FEIERT VON FREITAG BIS MONTAG \u2013 DAS SCH\u00dcTZENFEST 2026 Volmerswerth ver\u00e4ndert in diesem Jahr seinen gewohnten Festablauf. Das Sch\u00fctzen- und Volksfest der St.-Sebastianus-Sch\u00fctzenbruderschaft D\u00fcsseldorf-Volmerswerth von 1924 beginnt bereits am Freitag, 11. September, und endet am Montag, 14. September. Vier Tage lang wird der Sch\u00fctzenplatz an der Volmerswerther Stra\u00dfe 400 gegen\u00fcber der Haltestelle Hellriegelstra\u00dfe [&hellip;]<\/p>\n","protected":false},"author":0,"featured_media":34585,"comment_status":"closed","ping_status":"closed","sticky":false,"template":"","format":"standard","meta":{"footnotes":""},"categories":[1],"tags":[],"class_list":["post-34584","post","type-post","status-publish","format-standard","has-post-thumbnail","hentry","category-duesseldorf4you","d4yni-imported"],"_links":{"self":[{"href":"https:\/\/dus4you.de\/index.php\/wp-json\/wp\/v2\/posts\/34584","targetHints":{"allow":["GET"]}}],"collection":[{"href":"https:\/\/dus4you.de\/index.php\/wp-json\/wp\/v2\/posts"}],"about":[{"href":"https:\/\/dus4you.de\/index.php\/wp-json\/wp\/v2\/types\/post"}],"replies":[{"embeddable":true,"href":"https:\/\/dus4you.de\/index.php\/wp-json\/wp\/v2\/comments?post=34584"}],"version-history":[{"count":0,"href":"https:\/\/dus4you.de\/index.php\/wp-json\/wp\/v2\/posts\/34584\/revisions"}],"wp:featuredmedia":[{"embeddable":true,"href":"https:\/\/dus4you.de\/index.php\/wp-json\/wp\/v2\/media\/34585"}],"wp:attachment":[{"href":"https:\/\/dus4you.de\/index.php\/wp-json\/wp\/v2\/media?parent=34584"}],"wp:term":[{"taxonomy":"category","embeddable":true,"href":"https:\/\/dus4you.de\/index.php\/wp-json\/wp\/v2\/categories?post=34584"},{"taxonomy":"post_tag","embeddable":true,"href":"https:\/\/dus4you.de\/index.php\/wp-json\/wp\/v2\/tags?post=34584"}],"curies":[{"name":"wp","href":"https:\/\/api.w.org\/{rel}","templated":true}]}}