{"id":34562,"date":"2026-09-04T09:29:06","date_gmt":"2026-09-04T07:29:06","guid":{"rendered":"https:\/\/dus4you.de\/index.php\/2026\/09\/04\/die-pittermanns-scholl-oeffnet-wieder-ihre-tueren-91546360\/"},"modified":"2026-09-04T09:37:22","modified_gmt":"2026-09-04T07:37:22","slug":"die-pittermanns-scholl-oeffnet-wieder-ihre-tueren-91546360","status":"publish","type":"post","link":"https:\/\/dus4you.de\/index.php\/2026\/09\/04\/die-pittermanns-scholl-oeffnet-wieder-ihre-tueren-91546360\/","title":{"rendered":"DIE PITTERMANNS SCHOLL \u00d6FFNET WIEDER IHRE T\u00dcREN!"},"content":{"rendered":"<p>\ud83c\udf93 DIE PITTERMANNS SCHOLL \u00d6FFNET WIEDER IHRE T\u00dcREN!<\/p>\n<p>Heute, am 4. September, ist es wieder so weit: Um 18 Uhr trifft sich die Pittermanns Scholl im Caf\u00e9 Melancholy an der Ecke Martin-\/Germaniastra\u00dfe.<\/p>\n<p>Auf dem Stundenplan stehen nat\u00fcrlich wieder D\u00fcsseldorfer Mundart, spannende Geschichte und jede Menge gute Laune.<\/p>\n<p>Wer gerne teilnehmen m\u00f6chte und sich noch nicht angemeldet hat, kommentiert bitte den entsprechenden Beitrag auf der Seite der <strong><a href=\"https:\/\/www.facebook.com\/PittermannsScholl\" target=\"_blank\" rel=\"noopener\">Pittermanns Scholl<\/a><\/strong>.<\/p>\n<p>Mer freue ons op \u00fcch! \ud83c\udf7b<br>\n@Follower<\/p>\n<p><a class=\"button\" href=\"https:\/\/www.facebook.com\/1172899918297356\/posts\/1373743191546360\" target=\"_blank\" rel=\"noopener\">Beitrag auf Facebook ansehen<\/a><\/p>\n\n<div class=\"d4yni-embed d4yni-embed-fbpost\"><div class=\"d4yni-embed-inner\"><iframe src=\"https:\/\/www.facebook.com\/plugins\/post.php?href=https%3A%2F%2Fwww.facebook.com%2F1172899918297356%2Fposts%2F1373743191546360&#038;show_text=false&#038;width=500\" width=\"500\" height=\"680\" style=\"border:none;overflow:hidden\" scrolling=\"no\" frameborder=\"0\" allow=\"autoplay; clipboard-write; encrypted-media; picture-in-picture; web-share\"><\/iframe><\/div><\/div>","protected":false},"excerpt":{"rendered":"<p>\ud83c\udf93 DIE PITTERMANNS SCHOLL \u00d6FFNET WIEDER IHRE T\u00dcREN! Heute, am 4. September, ist es wieder so weit: Um 18 Uhr trifft sich die Pittermanns Scholl im Caf\u00e9 Melancholy an der Ecke Martin-\/Germaniastra\u00dfe. Auf dem Stundenplan stehen nat\u00fcrlich wieder D\u00fcsseldorfer Mundart, spannende Geschichte und jede Menge gute Laune. Wer gerne teilnehmen m\u00f6chte und sich noch nicht [&hellip;]<\/p>\n","protected":false},"author":1,"featured_media":34563,"comment_status":"closed","ping_status":"closed","sticky":false,"template":"","format":"standard","meta":{"footnotes":""},"categories":[37],"tags":[],"class_list":["post-34562","post","type-post","status-publish","format-standard","has-post-thumbnail","hentry","category-pittermanns-scholl","d4yni-imported"],"_links":{"self":[{"href":"https:\/\/dus4you.de\/index.php\/wp-json\/wp\/v2\/posts\/34562","targetHints":{"allow":["GET"]}}],"collection":[{"href":"https:\/\/dus4you.de\/index.php\/wp-json\/wp\/v2\/posts"}],"about":[{"href":"https:\/\/dus4you.de\/index.php\/wp-json\/wp\/v2\/types\/post"}],"author":[{"embeddable":true,"href":"https:\/\/dus4you.de\/index.php\/wp-json\/wp\/v2\/users\/1"}],"replies":[{"embeddable":true,"href":"https:\/\/dus4you.de\/index.php\/wp-json\/wp\/v2\/comments?post=34562"}],"version-history":[{"count":1,"href":"https:\/\/dus4you.de\/index.php\/wp-json\/wp\/v2\/posts\/34562\/revisions"}],"predecessor-version":[{"id":34570,"href":"https:\/\/dus4you.de\/index.php\/wp-json\/wp\/v2\/posts\/34562\/revisions\/34570"}],"wp:featuredmedia":[{"embeddable":true,"href":"https:\/\/dus4you.de\/index.php\/wp-json\/wp\/v2\/media\/34563"}],"wp:attachment":[{"href":"https:\/\/dus4you.de\/index.php\/wp-json\/wp\/v2\/media?parent=34562"}],"wp:term":[{"taxonomy":"category","embeddable":true,"href":"https:\/\/dus4you.de\/index.php\/wp-json\/wp\/v2\/categories?post=34562"},{"taxonomy":"post_tag","embeddable":true,"href":"https:\/\/dus4you.de\/index.php\/wp-json\/wp\/v2\/tags?post=34562"}],"curies":[{"name":"wp","href":"https:\/\/api.w.org\/{rel}","templated":true}]}}