{"id":34554,"date":"2026-09-04T08:40:03","date_gmt":"2026-09-04T06:40:03","guid":{"rendered":"https:\/\/dus4you.de\/index.php\/2026\/09\/04\/kappeshamm-feiert-vier-tage-schuetzenfest-zwischen-fackeln-paraden-und-koenigsschuss-78738434\/"},"modified":"2026-09-04T08:40:03","modified_gmt":"2026-09-04T06:40:03","slug":"kappeshamm-feiert-vier-tage-schuetzenfest-zwischen-fackeln-paraden-und-koenigsschuss-78738434","status":"publish","type":"post","link":"https:\/\/dus4you.de\/index.php\/2026\/09\/04\/kappeshamm-feiert-vier-tage-schuetzenfest-zwischen-fackeln-paraden-und-koenigsschuss-78738434\/","title":{"rendered":"KAPPESHAMM FEIERT: VIER TAGE SCH\u00dcTZENFEST ZWISCHEN FACKELN, PARADEN UND K\u00d6NIGSSCHUSS"},"content":{"rendered":"<p>\u261d\ufe0f\ud83e\udef5\ud83d\udc49 KAPPESHAMM FEIERT: VIER TAGE SCH\u00dcTZENFEST ZWISCHEN FACKELN, PARADEN UND K\u00d6NIGSSCHUSS<\/p>\n<p>Wenn am Samstag die Kirmes auf dem Nikolaus-Faber-Platz er\u00f6ffnet wird und am Abend die gro\u00dfen leuchtenden Fackeln durch Hamm ziehen, beginnt eines der traditionsreichsten Sch\u00fctzenfeste D\u00fcsseldorfs. Vom 5. bis 8. September 2026 feiert die St. Sebastianus Sch\u00fctzenbruderschaft D\u00fcsseldorf-Hamm vier Tage lang mitten im alten Dorfkern \u2013 mit Kindersch\u00fctzenzug, Kirmes, Fackelzug, gro\u00dfen Festz\u00fcgen, Jungsch\u00fctzen- und Regimentsk\u00f6nigsschie\u00dfen, Paraden vor St. Blasius und dem Kr\u00f6nungsball zum Abschluss.<\/p>\n<p>Hamm ist dabei ein besonderer Schauplatz. Zwischen Medienhafen, Bahntrassen und Gro\u00dfstadtverkehr hat sich der Stadtteil rund um Hammer Dorfstra\u00dfe, F\u00e4hrstra\u00dfe und St. Blasius bis heute viel von seinem d\u00f6rflichen Charakter bewahrt. Der alte Beiname Kappes-Hamm erinnert an die Kappesbuure, die \u00fcber Jahrhunderte die fruchtbaren Fl\u00e4chen im Rheinbogen f\u00fcr den Gem\u00fcseanbau nutzten. Blumen und Feingem\u00fcse haben dem Kohl inzwischen vielerorts den Rang abgelaufen, der Name und die enge Verbindung zwischen Dorf, Landwirtschaft und Gemeinschaft sind geblieben.<\/p>\n<p>Auch die Hammer Sch\u00fctzengeschichte reicht weit zur\u00fcck. Die erste bekannte schriftliche Erw\u00e4hnung der Bruderschaft stammt aus dem Jahr 1458. Aus dieser Zeit sind in einem historischen Bruderbuch unter anderem Mitgliedernamen, Abrechnungen, Sch\u00fctzenk\u00f6nige und Brudermeister \u00fcberliefert. Die Bruderschaft h\u00e4lt es f\u00fcr wahrscheinlich, dass ihre Geschichte noch weiter zur\u00fcckreicht. Heute geh\u00f6ren 14 Sch\u00fctzenkompanien zu ihr. Brauchtum, Heimatpflege, Nachbarschaft und das gemeinschaftliche Leben im Stadtteil stehen dabei ebenso im Mittelpunkt wie das eigentliche Sch\u00fctzenwesen.<\/p>\n<p>DER M\u00d6SCHESONNTAG HAT DAS FEST SCHON ANGEK\u00dcNDIGT<\/p>\n<p>Der erste sichtbare Vorbote war bereits am vergangenen Sonntag unterwegs. Beim traditionellen M\u00f6schesonntag wurde die Goldene M\u00f6sch durch Hamm getragen und k\u00fcndigte unter musikalischer Begleitung die bevorstehenden Festtage an. Der gold lackierte h\u00f6lzerne Vogel geh\u00f6rt zu den unverwechselbaren Traditionen des Hammer Sch\u00fctzenfestes.<\/p>\n<p>Jetzt folgt das eigentliche Festwochenende.<\/p>\n<p>SAMSTAG, 5. SEPTEMBER: DIE P\u00c4NZ MACHEN DEN ANFANG<\/p>\n<p>Der Samstag beginnt um 14.30 Uhr mit dem Kindersch\u00fctzenzug vom Sch\u00fctzenplatz. Seit 2024 haben die j\u00fcngsten Hammer ihren eigenen Zug. Mit Kinderoberst, Musik und kleinen Pagen- oder selbst gebastelten Uniformen ziehen sie eine kindgerechte Runde durch den Ort.<\/p>\n<p>Um 15 Uhr wird die Kirmes auf dem Nikolaus-Faber-Platz mit B\u00f6llersch\u00fcssen des Artillerie Corps Eckum er\u00f6ffnet. Fahr- und Spielgesch\u00e4fte, Gastronomie und Bierg\u00e4rten bilden dort vier Tage lang das Zentrum des Festes. Gerade ihre \u00fcberschaubare Gr\u00f6\u00dfe geh\u00f6rt zum Charakter der Hammer Kirmes: kein riesiges Volksfest neben dem Dorf, sondern ein Festplatz mitten darin.<\/p>\n<p>Am Abend folgt einer der H\u00f6hepunkte des gesamten Wochenendes. Um 19.30 Uhr treten die Sch\u00fctzenkompanien am Festzelt an, um 20 Uhr beginnt der gro\u00dfe Fackelzug.<\/p>\n<p>Die Hammer Gro\u00dffackeln sind keine einfachen Laternen. In wochenlanger Arbeit bauen die Kompanien von innen beleuchtete Motivwagen, die h\u00e4ufig Anekdoten aus dem Dorfleben oder andere Ereignisse aufgreifen und mit Humor kommentieren. Jede dieser Fackeln zieht an der Spitze ihrer Kompanie durch den Ort. Zahlreiche Tambourcorps und Musikz\u00fcge begleiten den Zug.<\/p>\n<p>Gerade an diesem Abend wird deutlich, wie sehr das Sch\u00fctzenfest das ganze Viertel erfasst. Viele Hammer verfolgen den Zug vom Stra\u00dfenrand, vor den H\u00e4usern oder aus den Vorg\u00e4rten. Danach geht es zur\u00fcck zum Sch\u00fctzenplatz. Beim Heimatabend im Festzelt werden auch die Gro\u00dffackeln pr\u00e4miert.<\/p>\n<p>SONNTAG, 6. SEPTEMBER: FESTZUG, GROSSE PARADE UND JUNGSCH\u00dcTZENK\u00d6NIG<\/p>\n<p>Am Sonntag richtet sich der Blick zun\u00e4chst auf das gesamte Regiment. Um 14 Uhr beginnt die Paradeaufstellung auf der F\u00e4hrstra\u00dfe. Anschlie\u00dfend zieht der gro\u00dfe Festzug durch Hamm zum Kirchplatz.<\/p>\n<p>Um 16 Uhr folgt vor der Pfarrkirche St. Blasius die gro\u00dfe Parade. Das amtierende K\u00f6nigspaar, Ehreng\u00e4ste und Vorstand nehmen dort den vorbeiziehenden Sch\u00fctzenzug ab. Anschlie\u00dfend werden im Festzelt Orden verliehen und die Ehreng\u00e4ste begr\u00fc\u00dft.<\/p>\n<p>Eine Besonderheit der Hammer Festz\u00fcge ist ihre enorme musikalische St\u00e4rke. Nach Angaben der Bruderschaft verf\u00fcgt nahezu jede der 14 Kompanien \u00fcber ein eigenes Tambourcorps und eine eigene Musikkapelle. Hinzu kommen mehrere Fanfarencorps. Wenn sich das Regiment durch die schmalen Stra\u00dfen bewegt, sind Trommeln, Fl\u00f6ten und Blasmusik deshalb kaum nur Begleitung \u2013 sie geh\u00f6ren zum eigentlichen Erlebnis des Zuges.<\/p>\n<p>Ab 17 Uhr \u00fcbernimmt der Schie\u00dfstand. Dann wird beim Jungsch\u00fctzen-K\u00f6nigsschie\u00dfen der Nachfolger von Nikolas Schultz gesucht. Schultz hatte sich 2025 die Jungsch\u00fctzenk\u00f6nigsw\u00fcrde gesichert und repr\u00e4sentiert die Hammer Jungsch\u00fctzen im Sch\u00fctzenjahr 2025\/26 gemeinsam mit Anna Lohse.<\/p>\n<p>Gegen 19 Uhr wird der entscheidende K\u00f6nigsschuss erwartet. Um 20 Uhr beginnt der gro\u00dfe Jungsch\u00fctzen-Festball mit der Ehrung des neuen Jungsch\u00fctzenk\u00f6nigs.<\/p>\n<p>MONTAG, 7. SEPTEMBER: WER FOLGT AUF DANIEL KOHLHAAS?<\/p>\n<p>Der Montag ist der gro\u00dfe Entscheidungstag f\u00fcr die Regentschaft der gesamten Bruderschaft.<\/p>\n<p>Um 14.30 Uhr treten die Sch\u00fctzen auf der F\u00e4hrstra\u00dfe an. Eine halbe Stunde sp\u00e4ter beginnt um 15 Uhr der gro\u00dfe Festzug durch Hamm. Dabei nimmt Daniel Kohlhaas seine letzte Parade als amtierender Regimentsk\u00f6nig ab.<\/p>\n<p>Kohlhaas erf\u00fcllte sich beim Sch\u00fctzenfest 2025 einen lang gehegten Kindheitstraum. Der Hauptmann der St. Hubertus Sch\u00fctzenkompanie wurde Regimentsk\u00f6nig und repr\u00e4sentiert die Bruderschaft seitdem gemeinsam mit seiner Frau Anna.<\/p>\n<p>Ab 16.30 Uhr wird das Schie\u00dfen auf K\u00f6nigs-, Ehren- und Preisvogel fortgesetzt. Gegen 18.30 Uhr soll die Entscheidung fallen: Mit dem K\u00f6nigsschuss bekommt Hamm seinen neuen Regimentsk\u00f6nig.<\/p>\n<p>Um 20 Uhr wird der neue K\u00f6nig offiziell proklamiert. Anschlie\u00dfend zieht das Regiment zu seiner Residenz, wo die neue K\u00f6nigin geehrt wird. Danach geht es zur\u00fcck ins Festzelt. Beim Festball stehen au\u00dferdem die Kompaniek\u00f6nigs- und Hahnenk\u00f6nigspaare im Mittelpunkt.<\/p>\n<p>DIENSTAG, 8. SEPTEMBER: ERINNERUNG, K\u00d6NIGSPAAR UND GROSSER ZAPFENSTREICH<\/p>\n<p>Der letzte Festtag beginnt um 10 Uhr mit dem feierlichen Sch\u00fctzenhochamt in der Pfarrkirche St. Blasius. Dabei wird der lebenden und verstorbenen Mitglieder der Bruderschaft gedacht.<\/p>\n<p>Um 11 Uhr folgt die Gefallenenehrung mit Kranzniederlegung am Ehrenmal. Danach marschieren die Sch\u00fctzen zum gemeinsamen Mittagessen ins Festzelt, bei dem auch die Jubilare der Bruderschaft geehrt werden.<\/p>\n<p>Gegen 15 Uhr setzt sich das Regiment wieder in Bewegung. Von der Hammer Dorfstra\u00dfe geht es zur zweimaligen K\u00f6nigsparade vor der Kirche. Jetzt steht bereits das neue K\u00f6nigspaar im Mittelpunkt.<\/p>\n<p>Um 16 Uhr werden die Schie\u00dfwettbewerbe auf K\u00f6nigs-, Ehren- und Preisv\u00f6gel fortgesetzt. Um 19 Uhr zieht das Regiment zur Residenz des neuen K\u00f6nigspaares, um K\u00f6nig und K\u00f6nigin abzuholen.<\/p>\n<p>Das gro\u00dfe Finale beginnt um 20 Uhr. Dann zieht das neue K\u00f6nigspaar mit seinem Gefolge zum Kr\u00f6nungsball ins Festzelt ein. Mit dem gro\u00dfen Zapfenstreich endet schlie\u00dflich das Hammer Sch\u00fctzenfest 2026.<\/p>\n<p>EIN SCH\u00dcTZENFEST, DAS AUF DER STRASSE LEBT<\/p>\n<p>Wer verstehen m\u00f6chte, warum das Fest f\u00fcr Hamm eine solche Bedeutung besitzt, sollte nicht nur ins Festzelt schauen. Vieles Entscheidende passiert davor: wenn H\u00e4user geschm\u00fcckt werden, Kompanien wochenlang an ihren Gro\u00dffackeln bauen, Kinder ihre eigenen Uniformen basteln, Musikz\u00fcge durch die Stra\u00dfen ziehen und Nachbarn ihre Vorg\u00e4rten zu kleinen Treffpunkten machen.<\/p>\n<p>Das Sch\u00fctzenfest ist in Hamm kein vom Stadtteil abgetrennter Veranstaltungsort. Das Dorf selbst wird zur Festfl\u00e4che.<\/p>\n<p>Besonders deutlich wird das beim Fackelzug. Was dort f\u00fcr wenige Stunden durch die Stra\u00dfen f\u00e4hrt, ist das Ergebnis wochenlanger gemeinsamer Arbeit. Und mit dem erst 2024 eingef\u00fchrten Kindersch\u00fctzenzug versucht die Bruderschaft gleichzeitig, auch der n\u00e4chsten Generation fr\u00fch einen eigenen sichtbaren Platz im Brauchtum zu geben.<\/p>\n<p>So verbindet das Hammer Sch\u00fctzenfest eine mehr als 560 Jahre zur\u00fcckreichende schriftlich belegte Tradition mit einem sehr gegenw\u00e4rtigen Gedanken: Gemeinschaft funktioniert nur, wenn Menschen sie selbst gestalten.<\/p>\n<p>DAS PROGRAMM 2026<\/p>\n<p>Samstag, 5. September<br>\n14.30 Uhr Kindersch\u00fctzenzug vom Sch\u00fctzenplatz<br>\n15.00 Uhr Er\u00f6ffnung der Kirmes mit B\u00f6llersch\u00fcssen<br>\n19.30 Uhr Antreten der Sch\u00fctzenkompanien am Festzelt<br>\n20.00 Uhr gro\u00dfer Fackelzug durch Hamm<br>\nanschlie\u00dfend Heimatabend und Pr\u00e4mierung der Gro\u00dffackeln<\/p>\n<p>Sonntag, 6. September<br>\n14.00 Uhr Paradeaufstellung auf der F\u00e4hrstra\u00dfe und Festzug<br>\n16.00 Uhr gro\u00dfe Parade vor St. Blasius<br>\nanschlie\u00dfend Ordensverleihungen und Begr\u00fc\u00dfung der Ehreng\u00e4ste<br>\n17.00 Uhr Jungsch\u00fctzen-K\u00f6nigsschie\u00dfen<br>\ngegen 19.00 Uhr K\u00f6nigsschuss<br>\n20.00 Uhr gro\u00dfer Jungsch\u00fctzen-Festball<\/p>\n<p>Montag, 7. September<br>\n14.30 Uhr Antreten auf der F\u00e4hrstra\u00dfe<br>\n15.00 Uhr gro\u00dfer Festzug und letzte Parade vor Daniel Kohlhaas<br>\n16.30 Uhr Fortsetzung der Schie\u00dfwettbewerbe<br>\ngegen 18.30 Uhr K\u00f6nigsschuss<br>\n20.00 Uhr Proklamation des neuen Regimentsk\u00f6nigs<br>\nanschlie\u00dfend Zug zur Residenz und Festball<\/p>\n<p>Dienstag, 8. September<br>\n10.00 Uhr Sch\u00fctzenhochamt in St. Blasius<br>\n11.00 Uhr Gefallenenehrung und Kranzniederlegung<br>\nanschlie\u00dfend gemeinsames Mittagessen und Jubilarehrung<br>\ngegen 15.00 Uhr zweimalige K\u00f6nigsparade vor der Kirche<br>\n16.00 Uhr Fortsetzung der Schie\u00dfwettbewerbe<br>\n19.00 Uhr Abholen des neuen K\u00f6nigspaares<br>\n20.00 Uhr Kr\u00f6nungsball und gro\u00dfer Zapfenstreich<\/p>\n<p>Sch\u00fctzen- und Kirmesplatz:<br>\nNikolaus-Faber-Platz<br>\nD\u00fcsseldorf-Hamm<\/p>\n<p>Das offizielle Programm:<br>\nhttps:\/\/www.bruderschaft-hamm.de\/programm\/<\/p>\n<p>Vier Tage lang geh\u00f6ren die Stra\u00dfen von Kappeshamm damit wieder den Sch\u00fctzen, den P\u00e4nz, der Musik und den Menschen, die dieses Fest Jahr f\u00fcr Jahr tragen. Und sp\u00e4testens wenn am Samstagabend die ersten leuchtenden Gro\u00dffackeln durch das Dorf ziehen, ist un\u00fcbersehbar: Hamm hat Sch\u00fctzenfest.<\/p>\n<p>#D\u00fcsseldorf #D\u00fcsseldorf4You #DUS4YOU #Kappeshamm #D\u00fcsseldorfHamm #Sch\u00fctzenfest #Brauchtum #Heimat #Sch\u00fctzen<\/p>\n<p><a class=\"button\" href=\"https:\/\/www.facebook.com\/1290553509760153\/posts\/1500770678738434\" target=\"_blank\" rel=\"noopener\">Beitrag auf Facebook ansehen<\/a><\/p>\n\n<div class=\"d4yni-embed d4yni-embed-fbpost\"><div class=\"d4yni-embed-inner\"><iframe src=\"https:\/\/www.facebook.com\/plugins\/post.php?href=https%3A%2F%2Fwww.facebook.com%2F1290553509760153%2Fposts%2F1500770678738434&#038;show_text=false&#038;width=500\" width=\"500\" height=\"680\" style=\"border:none;overflow:hidden\" scrolling=\"no\" frameborder=\"0\" allow=\"autoplay; clipboard-write; encrypted-media; picture-in-picture; web-share\"><\/iframe><\/div><\/div>","protected":false},"excerpt":{"rendered":"<p>\u261d\ufe0f\ud83e\udef5\ud83d\udc49 KAPPESHAMM FEIERT: VIER TAGE SCH\u00dcTZENFEST ZWISCHEN FACKELN, PARADEN UND K\u00d6NIGSSCHUSS Wenn am Samstag die Kirmes auf dem Nikolaus-Faber-Platz er\u00f6ffnet wird und am Abend die gro\u00dfen leuchtenden Fackeln durch Hamm ziehen, beginnt eines der traditionsreichsten Sch\u00fctzenfeste D\u00fcsseldorfs. Vom 5. bis 8. September 2026 feiert die St. Sebastianus Sch\u00fctzenbruderschaft D\u00fcsseldorf-Hamm vier Tage lang mitten im alten [&hellip;]<\/p>\n","protected":false},"author":0,"featured_media":34555,"comment_status":"closed","ping_status":"closed","sticky":false,"template":"","format":"standard","meta":{"footnotes":""},"categories":[1],"tags":[],"class_list":["post-34554","post","type-post","status-publish","format-standard","has-post-thumbnail","hentry","category-duesseldorf4you","d4yni-imported"],"_links":{"self":[{"href":"https:\/\/dus4you.de\/index.php\/wp-json\/wp\/v2\/posts\/34554","targetHints":{"allow":["GET"]}}],"collection":[{"href":"https:\/\/dus4you.de\/index.php\/wp-json\/wp\/v2\/posts"}],"about":[{"href":"https:\/\/dus4you.de\/index.php\/wp-json\/wp\/v2\/types\/post"}],"replies":[{"embeddable":true,"href":"https:\/\/dus4you.de\/index.php\/wp-json\/wp\/v2\/comments?post=34554"}],"version-history":[{"count":0,"href":"https:\/\/dus4you.de\/index.php\/wp-json\/wp\/v2\/posts\/34554\/revisions"}],"wp:featuredmedia":[{"embeddable":true,"href":"https:\/\/dus4you.de\/index.php\/wp-json\/wp\/v2\/media\/34555"}],"wp:attachment":[{"href":"https:\/\/dus4you.de\/index.php\/wp-json\/wp\/v2\/media?parent=34554"}],"wp:term":[{"taxonomy":"category","embeddable":true,"href":"https:\/\/dus4you.de\/index.php\/wp-json\/wp\/v2\/categories?post=34554"},{"taxonomy":"post_tag","embeddable":true,"href":"https:\/\/dus4you.de\/index.php\/wp-json\/wp\/v2\/tags?post=34554"}],"curies":[{"name":"wp","href":"https:\/\/api.w.org\/{rel}","templated":true}]}}