{"id":34534,"date":"2026-09-02T11:15:03","date_gmt":"2026-09-02T09:15:03","guid":{"rendered":"https:\/\/dus4you.de\/index.php\/2026\/09\/02\/duesseldorf-feiert-seine-buedchen-und-damit-ein-stueck-stadtseele-72237538\/"},"modified":"2026-09-02T11:15:03","modified_gmt":"2026-09-02T09:15:03","slug":"duesseldorf-feiert-seine-buedchen-und-damit-ein-stueck-stadtseele-72237538","status":"publish","type":"post","link":"https:\/\/dus4you.de\/index.php\/2026\/09\/02\/duesseldorf-feiert-seine-buedchen-und-damit-ein-stueck-stadtseele-72237538\/","title":{"rendered":"D\u00dcSSELDORF FEIERT SEINE B\u00dcDCHEN \u2013 UND DAMIT EIN ST\u00dcCK STADTSEELE"},"content":{"rendered":"<p>\u261d\ufe0f\ud83e\udef5\ud83d\udc49 D\u00dcSSELDORF FEIERT SEINE B\u00dcDCHEN \u2013 UND DAMIT EIN ST\u00dcCK STADTSEELE<\/p>\n<p>Manchmal braucht D\u00fcsseldorf keine gro\u00dfe B\u00fchne. Manchmal reichen ein paar Quadratmeter Verkaufsraum, ein K\u00fchlschrank mit kalten Getr\u00e4nken, Menschen vor der T\u00fcr und dieser eine Platz an der Ecke, an dem man fast immer jemanden trifft. Am kommenden Samstag, 5. September, wird genau daraus ein Stadtfest: Der D\u00fcsseldorfer B\u00fcdchentag feiert sein zehnj\u00e4hriges Bestehen \u2013 und wird unter dem Motto \u201eAll City\u201c gr\u00f6\u00dfer und vielf\u00e4ltiger als je zuvor.<\/p>\n<p>Im aktuellen Programm stehen 73 B\u00fcdchen und Stationen \u00fcber das Stadtgebiet verteilt. Von 13 bis 22 Uhr werden Kioske, Trinkhallen und Pl\u00e4tze zu kleinen B\u00fchnen, Tanzfl\u00e4chen, Ausstellungsorten und Nachbarschaftstreffs. Das Tagesprogramm ist kostenlos und offen f\u00fcr alle. Musik bleibt ein wichtiger Teil des B\u00fcdchentags, doch l\u00e4ngst geht es um wesentlich mehr: Livebands und DJs treffen auf Literatur, Ch\u00f6re, Kunst, Kinderprogramme, Essen, Mitmachaktionen und Projekte aus den Vierteln.<\/p>\n<p>Gerade darin liegt die besondere Qualit\u00e4t dieses Tages. Ein D\u00fcsseldorfer B\u00fcdchen ist eben nicht einfach nur ein Gesch\u00e4ft, an dem man schnell etwas kauft. Es ist f\u00fcr viele Menschen der unkomplizierteste Treffpunkt des Viertels. Man kennt den Menschen hinter der Theke, begegnet Nachbarn, kommt f\u00fcr f\u00fcnf Minuten und bleibt eine halbe Stunde. Alter, Beruf oder Herkunft spielen vor der B\u00fcdchent\u00fcr erstaunlich oft keine gro\u00dfe Rolle. Diese kleinen Orte schaffen etwas, das einer Gro\u00dfstadt schnell verloren gehen kann: N\u00e4he.<\/p>\n<p>Der B\u00fcdchentag macht aus dieser allt\u00e4glichen Kultur kein k\u00fcnstliches Festivalgel\u00e4nde. Er bringt das Programm dorthin, wo das Leben ohnehin stattfindet \u2013 auf B\u00fcrgersteige, Pl\u00e4tze und vor die Kioskt\u00fcr. Zum Jubil\u00e4um w\u00e4chst dieses Prinzip noch weiter in die Stadt hinein. Erstmals sind unter anderem auch Stationen in Oberkassel, Lierenfeld, Unterrath und Gerresheim dabei. Gleichzeitig geh\u00f6ren B\u00fcdchen wie der Kiosk Karakus, Bedris Island in Bilk, die Trinkhalle am Rochusmarkt, der Kiosk 46 in Flingern und das Sri-Lanka-B\u00fcdchen in Oberbilk bereits seit den Anf\u00e4ngen 2016 dazu.<\/p>\n<p>Einer der gr\u00f6\u00dferen Treffpunkte entsteht am F\u00fcrstenplatz. Dort wird von 13 bis 18.30 Uhr ein ganzes \u201eB\u00fcdchendorf\u201c aufgebaut. Neben der B\u00fcdchentag-Zentrale gibt es Musik, Familien- und Mitmachangebote sowie ein vom Literaturb\u00fcro NRW kuratiertes Literaturb\u00fcdchen. Auf dem Programm stehen unter anderem Lesungen, Poetry Slam und \u201ePoetry on Demand\u201c. Auch musikalisch reicht die Mischung dort von Jazz Manouche \u00fcber Hip-Hop und Dreampop bis zum Familien-Rave.<\/p>\n<p>Am Friedenspl\u00e4tzchen in Unterbilk treffen DJ- und Liveprogramm auf Siebdruck, Spiele, Bastelaktionen, Kinderschminken und einen Pop-up des W4 Urban Art Festivals. In Flingern wird der Hermannplatz zur gro\u00dfen Nachbarschaftsrunde: Dort entsteht unter anderem \u201eFlingerns l\u00e4ngste Tafel\u201c. Die Idee ist denkbar einfach und ziemlich b\u00fcdchentauglich: Tisch und St\u00fchle mitbringen, dazustellen und gemeinsam feiern.<\/p>\n<p>Ein besonderer Akzent kommt in diesem Jahr aus Palermo. D\u00fcsseldorf und die sizilianische Hauptstadt feiern 2026 ebenfalls zehn Jahre St\u00e4dtepartnerschaft. Am U-Bilk an der Bilker Allee 3 wird deshalb ein Palermo-B\u00fcdchen eingerichtet. Mit Riccardo Schir\u00f2 und Marina Morena kommen daf\u00fcr zwei DJs aus Palermo nach D\u00fcsseldorf und bringen am Abend sizilianische Plattenladen- und Clubkultur an die B\u00fcdchentheke.<\/p>\n<p>Auch unterwegs soll der B\u00fcdchentag st\u00e4rker zusammenwachsen. Historische Rheinbahn-Fahrzeuge pendeln im 20-Minuten-Takt auf einer Strecke zwischen Medienhafen, Morsestra\u00dfe, Hauptbahnhof und Bruchstra\u00dfe. Dazu ziehen einzelne Musiker und DJs selbst durch die Stadt und spielen mehrere kurze Auftritte an verschiedenen Stationen. Der B\u00fcdchentag wird damit endg\u00fcltig zu dem, was sein Jubil\u00e4umsmotto verspricht: \u201eAll City\u201c.<\/p>\n<p>Wer nach 22 Uhr noch nicht nach Hause m\u00f6chte, kann anschlie\u00dfend weiterziehen. Bei der offiziellen All-City-Aftershow wird bis 5 Uhr morgens in Giselle, Graf, Reinraum und Schleuse ZWEI gefeiert. Anders als das kostenlose Tagesprogramm ist die Aftershow ticketpflichtig.<\/p>\n<p>Das vollst\u00e4ndige Programm mit allen teilnehmenden B\u00fcdchen, Adressen und einzelnen Aktionen gibt es unter:<br>\nhttps:\/\/buedchentag.de\/programm-2026<\/p>\n<p>Und jetzt wollen wir eure B\u00fcdchen sehen.<\/p>\n<p>Welches ist euer Kiez-B\u00fcdchen? Der Laden, an dem ihr morgens die Zeitung holt, nach Feierabend noch jemanden trefft oder bei dem der Mensch hinter der Theke l\u00e4ngst zum Viertel geh\u00f6rt?<\/p>\n<p>Kommentiert unter diesem Beitrag mit einem Foto von eurem Lieblingsb\u00fcdchen und schreibt uns dazu, in welchem D\u00fcsseldorfer Stadtteil es steht. Vielleicht entsteht in den Kommentaren am Ende eine ganz eigene kleine B\u00fcdchenkarte unserer Stadt.<\/p>\n<p>Denn der B\u00fcdchentag dauert einen Tag. D\u00fcsseldorfs B\u00fcdchenkultur lebt an den anderen 364 weiter.<\/p>\n<p>#D\u00fcsseldorf #D\u00fcsseldorf4You #DUS4YOU #B\u00fcdchentag #B\u00fcdchenkultur #Kiezliebe #Stadtleben #Nachbarschaft #AllCity @Follower<\/p>\n<p><a class=\"button\" href=\"https:\/\/www.facebook.com\/1290553509760153\/posts\/1499112972237538\" target=\"_blank\" rel=\"noopener\">Beitrag auf Facebook ansehen<\/a><\/p>\n\n<div class=\"d4yni-embed d4yni-embed-fbpost\"><div class=\"d4yni-embed-inner\"><iframe src=\"https:\/\/www.facebook.com\/plugins\/post.php?href=https%3A%2F%2Fwww.facebook.com%2F1290553509760153%2Fposts%2F1499112972237538&#038;show_text=false&#038;width=500\" width=\"500\" height=\"680\" style=\"border:none;overflow:hidden\" scrolling=\"no\" frameborder=\"0\" allow=\"autoplay; clipboard-write; encrypted-media; picture-in-picture; web-share\"><\/iframe><\/div><\/div>","protected":false},"excerpt":{"rendered":"<p>\u261d\ufe0f\ud83e\udef5\ud83d\udc49 D\u00dcSSELDORF FEIERT SEINE B\u00dcDCHEN \u2013 UND DAMIT EIN ST\u00dcCK STADTSEELE Manchmal braucht D\u00fcsseldorf keine gro\u00dfe B\u00fchne. Manchmal reichen ein paar Quadratmeter Verkaufsraum, ein K\u00fchlschrank mit kalten Getr\u00e4nken, Menschen vor der T\u00fcr und dieser eine Platz an der Ecke, an dem man fast immer jemanden trifft. Am kommenden Samstag, 5. September, wird genau daraus ein [&hellip;]<\/p>\n","protected":false},"author":0,"featured_media":34535,"comment_status":"closed","ping_status":"closed","sticky":false,"template":"","format":"standard","meta":{"footnotes":""},"categories":[1],"tags":[],"class_list":["post-34534","post","type-post","status-publish","format-standard","has-post-thumbnail","hentry","category-duesseldorf4you","d4yni-imported"],"_links":{"self":[{"href":"https:\/\/dus4you.de\/index.php\/wp-json\/wp\/v2\/posts\/34534","targetHints":{"allow":["GET"]}}],"collection":[{"href":"https:\/\/dus4you.de\/index.php\/wp-json\/wp\/v2\/posts"}],"about":[{"href":"https:\/\/dus4you.de\/index.php\/wp-json\/wp\/v2\/types\/post"}],"replies":[{"embeddable":true,"href":"https:\/\/dus4you.de\/index.php\/wp-json\/wp\/v2\/comments?post=34534"}],"version-history":[{"count":0,"href":"https:\/\/dus4you.de\/index.php\/wp-json\/wp\/v2\/posts\/34534\/revisions"}],"wp:featuredmedia":[{"embeddable":true,"href":"https:\/\/dus4you.de\/index.php\/wp-json\/wp\/v2\/media\/34535"}],"wp:attachment":[{"href":"https:\/\/dus4you.de\/index.php\/wp-json\/wp\/v2\/media?parent=34534"}],"wp:term":[{"taxonomy":"category","embeddable":true,"href":"https:\/\/dus4you.de\/index.php\/wp-json\/wp\/v2\/categories?post=34534"},{"taxonomy":"post_tag","embeddable":true,"href":"https:\/\/dus4you.de\/index.php\/wp-json\/wp\/v2\/tags?post=34534"}],"curies":[{"name":"wp","href":"https:\/\/api.w.org\/{rel}","templated":true}]}}