{"id":34529,"date":"2026-09-02T09:08:04","date_gmt":"2026-09-02T07:08:04","guid":{"rendered":"https:\/\/dus4you.de\/index.php\/2026\/09\/02\/drei-vertraege-bis-2029-aber-wo-ist-der-plan-48063558\/"},"modified":"2026-09-02T09:08:04","modified_gmt":"2026-09-02T07:08:04","slug":"drei-vertraege-bis-2029-aber-wo-ist-der-plan-48063558","status":"publish","type":"post","link":"https:\/\/dus4you.de\/index.php\/2026\/09\/02\/drei-vertraege-bis-2029-aber-wo-ist-der-plan-48063558\/","title":{"rendered":"DREI VERTR\u00c4GE BIS 2029 \u2013 ABER WO IST DER PLAN?"},"content":{"rendered":"<p>\ud83d\udd34\u26aa DREI VERTR\u00c4GE BIS 2029 \u2013 ABER WO IST DER PLAN?<\/p>\n<p>Das deutsche Transferfenster ist geschlossen. Kilian Sauck, Noah Egouli und Levi Mentzel sind weiterhin Spieler von Fortuna D\u00fcsseldorf. Was zun\u00e4chst wie eine gew\u00f6hnliche Randnotiz des Deadline Days wirkt, legt bei genauerem Hinsehen ein grunds\u00e4tzliches Problem offen: Fortuna hat drei hochveranlagte Nachwuchsspieler langfristig gebunden, ihre Entwicklung \u00f6ffentlich zur Zukunftsstrategie erkl\u00e4rt \u2013 und steht nun offenbar ohne \u00fcberzeugenden Plan f\u00fcr ihre n\u00e4chsten Schritte da.<\/p>\n<p>Alle drei besitzen Vertr\u00e4ge bis zum Sommer 2029. Doch ein langfristiger Vertrag ist noch lange keine Perspektive. Er sch\u00fctzt zun\u00e4chst den wirtschaftlichen Wert eines Spielers und bindet ihn an den Verein. Entscheidend ist jedoch, was anschlie\u00dfend geschieht: Wo soll er spielen? Auf welchem Niveau soll er sich entwickeln? Welche Rolle ist f\u00fcr ihn vorgesehen? Und wer tr\u00e4gt die Verantwortung, wenn zwischen \u00f6ffentlichem Versprechen und sportlicher Wirklichkeit pl\u00f6tzlich eine immer gr\u00f6\u00dfere L\u00fccke entsteht?<\/p>\n<p>Am deutlichsten zeigt sich dieser Widerspruch bei Kilian Sauck. Erst im Februar verpflichtete Fortuna den damals 18 Jahre alten Offensivspieler von Borussia M\u00f6nchengladbach. Der Verein sprach von starken Anlagen, gro\u00dfem Entwicklungspotenzial, mutigem Tempodribbling und der F\u00e4higkeit, im letzten Drittel Chancen zu kreieren. Das waren keine beil\u00e4ufigen Worte. Sauck kam als ehemaliger deutscher U19-Nationalspieler und Tr\u00e4ger der Fritz-Walter-Medaille in Silber. Fortuna pr\u00e4sentierte ihn als Investition in die Zukunft.<\/p>\n<p>Nur sieben Monate sp\u00e4ter wirkt diese Zukunft erstaunlich weit entfernt. In der vergangenen Zweitligasaison kam Sauck lediglich auf 28 Einsatzminuten. In der neuen Drittligasaison spielte er bislang ebenfalls keine Rolle, beim 1:0 gegen den VfB Stuttgart II geh\u00f6rte er nicht zum Spieltagskader. Medienberichten zufolge sollte er den Verein verlassen, ernsthafte Bewegung entstand jedoch nicht. Damit droht einem Spieler, der vor wenigen Monaten noch als gro\u00dfes Versprechen vorgestellt wurde, mindestens bis zum Winter die sportliche Warteschleife.<\/p>\n<p>Auch bei Noah Egouli passen Anspruch und Wirklichkeit nur schwer zusammen. Im Mai stattete Fortuna den 20 Jahre alten und 2,05 Meter gro\u00dfen Innenverteidiger mit seinem ersten Profivertrag aus. Der Verein bezeichnete ihn gemeinsam mit Mentzel ausdr\u00fccklich als Beispiel f\u00fcr die gute Arbeit des Nachwuchsleistungszentrums. Egouli hatte bereits 25 Eins\u00e4tze in der Regionalliga West absolviert und sollte nach der Sommervorbereitung den n\u00e4chsten Schritt machen.<\/p>\n<p>Stattdessen wurde zuletzt \u00fcber eine Leihe gesprochen. Der FSV Zwickau und der Bonner SC sollen Interesse gezeigt haben. Eine Einigung kam offenbar nicht zustande, wobei nach Medieninformationen auch die Aufteilung seines Gehalts eine Rolle gespielt haben soll. Sollte eine sportlich sinnvolle Leihe tats\u00e4chlich an einer \u00fcberschaubaren finanziellen Differenz gescheitert sein, m\u00fcsste sich Fortuna fragen lassen, welchen Wert die eigene Nachwuchsstrategie in der Praxis besitzt. Ein Talent langfristig zu binden, ihm aber ausgerechnet bei der Suche nach notwendiger Spielpraxis keinen tragf\u00e4higen Weg zu er\u00f6ffnen, w\u00e4re schwer nachvollziehbar.<\/p>\n<p>Etwas differenzierter ist die Lage bei Levi Mentzel. Der geb\u00fcrtige D\u00fcsseldorfer, in Flingern aufgewachsen und zuletzt Kapit\u00e4n der U19, erhielt ebenfalls einen Profivertrag bis 2029. Anders als teilweise berichtet, war Mentzel beim Sieg gegen Stuttgart II nicht vollst\u00e4ndig au\u00dfen vor. Er geh\u00f6rte zum offiziellen Spieltagskader und sa\u00df auf der Bank. Das ist noch kein Durchbruch, aber zumindest ein kleines Zeichen daf\u00fcr, dass die T\u00fcr zur ersten Mannschaft nicht vollst\u00e4ndig geschlossen sein muss.<\/p>\n<p>Gleichzeitig ist seine Situation komplizierter geworden. Mit Lukas Bornschein hat Fortuna einen weiteren Innenverteidiger verpflichtet. Vor Mentzel stehen mehrere erfahrene oder bereits etablierte Konkurrenten. Interesse soll es aus \u00d6sterreich geben, wo das Transferfenster noch bis Donnerstag um 17 Uhr ge\u00f6ffnet ist. Eine offizielle Einigung existiert bislang jedoch nicht. F\u00fcr Mentzel bleibt deshalb die Frage, ob Fortuna ihn wirklich an den Profikader heranf\u00fchren will oder ob auch er seine Entwicklung andernorts fortsetzen soll.<\/p>\n<p>Nat\u00fcrlich kann die U23 allen drei Spielern Einsatzzeit erm\u00f6glichen. Doch nach dem Abstieg spielt Fortunas zweite Mannschaft nur noch in der f\u00fcnftklassigen Oberliga Niederrhein. F\u00fcr einen jungen Spieler kann auch dieses Niveau wertvoll sein. Es darf jedoch nicht zur bequemen Dauerl\u00f6sung f\u00fcr Profis werden, deren Vertr\u00e4ge und urspr\u00fcngliche Perspektiven auf deutlich mehr ausgerichtet waren. Gerade in diesem Alter ist regelm\u00e4\u00dfiger Fu\u00dfball wichtig \u2013 aber ebenso wichtig sind Trainingsqualit\u00e4t, Herausforderung und eine erkennbare Entwicklung hin zum Profibereich.<\/p>\n<p>Dabei geht es ausdr\u00fccklich nicht darum, Nachwuchsspielern Einsatzzeiten zu schenken. Ein Stammplatz bei Fortuna muss verdient werden. Alexander Ende tr\u00e4gt die Verantwortung f\u00fcr die Leistung der Mannschaft und darf seine Aufstellung nicht nach Geburtsurkunden oder Vertragslaufzeiten bestimmen. Wenn ein Spieler den sportlichen Anforderungen nicht gen\u00fcgt, muss ein Trainer darauf reagieren d\u00fcrfen.<\/p>\n<p>Doch genau deshalb ist die Kaderplanung gefordert. Erkennt der Verein, dass ein Talent aktuell noch nicht weit genug ist, braucht es eine passende Leihe. Glaubt er grunds\u00e4tzlich nicht mehr an dessen Entwicklung, muss er eine saubere Trennung erm\u00f6glichen. Sieht er weiterhin eine Perspektive, muss er einen konkreten Weg aufzeigen. Was nicht funktionieren darf, ist die Zwischenl\u00f6sung: langfristig binden, \u00f6ffentlich loben, sportlich aussortieren und anschlie\u00dfend darauf hoffen, dass sich irgendwann ein Abnehmer findet.<\/p>\n<p>Hinzu kommt eine besondere Verantwortung des Vereins. Sauck wurde noch von der vorherigen sportlichen F\u00fchrung verpflichtet, Noah Egouli und Mentzel erhielten ihre Profivertr\u00e4ge ebenfalls vor dem gro\u00dfen personellen Umbruch. Neue Verantwortliche d\u00fcrfen selbstverst\u00e4ndlich zu neuen Bewertungen gelangen. Aber interne Wechsel entbinden Fortuna nicht von den Zusagen und Erwartungen, die der Verein selbst geschaffen hat. Junge Spieler d\u00fcrfen nicht zu Kollateralsch\u00e4den wechselnder Strategien werden.<\/p>\n<p>Jetzt liegt der Ball bei Samir Arabi und Alexander Ende. Beide m\u00fcssen zeigen, dass hinter dem viel beschworenen Neuaufbau mehr steckt als die Verpflichtung zahlreicher neuer Spieler. Nachwuchsf\u00f6rderung beweist sich nicht in Pressemitteilungen und Vertragsfotos. Sie beweist sich dann, wenn die sportliche Situation schwierig wird und der Verein trotzdem einen glaubw\u00fcrdigen Entwicklungsweg organisiert.<\/p>\n<p>F\u00fcr Sauck, Noah Egouli und Mentzel muss es deshalb sp\u00e4testens bis zum Winter klare Antworten geben. Entweder sie erhalten eine faire und leistungsbezogene Chance bei den Profis, oder Fortuna erm\u00f6glicht ihnen eine Leihe, die sie sportlich wirklich weiterbringt. Drei Vertr\u00e4ge bis 2029 sind kein Zukunftskonzept. Sie sind lediglich drei Unterschriften unter der Verpflichtung, Verantwortung zu \u00fcbernehmen.<\/p>\n<p>Wie seht ihr die Situation? Muss Fortuna den drei Talenten eine echte Chance geben \u2013 oder war die Entscheidung richtig, ihnen einen Wechsel nahezulegen?<\/p>\n<p>#FortunaD\u00fcsseldorf #F95 #Fortuna4You #D\u00fcsseldorf #KilianSauck #NoahEgouli #LeviMentzel #Nachwuchs #Kaderplanung<\/p>\n<p><a class=\"button\" href=\"https:\/\/www.facebook.com\/1294036359427179\/posts\/1507672548063558\" target=\"_blank\" rel=\"noopener\">Beitrag auf Facebook ansehen<\/a><\/p>\n\n<div class=\"d4yni-embed d4yni-embed-fbpost\"><div class=\"d4yni-embed-inner\"><iframe src=\"https:\/\/www.facebook.com\/plugins\/post.php?href=https%3A%2F%2Fwww.facebook.com%2F1294036359427179%2Fposts%2F1507672548063558&#038;show_text=false&#038;width=500\" width=\"500\" height=\"680\" style=\"border:none;overflow:hidden\" scrolling=\"no\" frameborder=\"0\" allow=\"autoplay; clipboard-write; encrypted-media; picture-in-picture; web-share\"><\/iframe><\/div><\/div>","protected":false},"excerpt":{"rendered":"<p>\ud83d\udd34\u26aa DREI VERTR\u00c4GE BIS 2029 \u2013 ABER WO IST DER PLAN? Das deutsche Transferfenster ist geschlossen. Kilian Sauck, Noah Egouli und Levi Mentzel sind weiterhin Spieler von Fortuna D\u00fcsseldorf. Was zun\u00e4chst wie eine gew\u00f6hnliche Randnotiz des Deadline Days wirkt, legt bei genauerem Hinsehen ein grunds\u00e4tzliches Problem offen: Fortuna hat drei hochveranlagte Nachwuchsspieler langfristig gebunden, ihre [&hellip;]<\/p>\n","protected":false},"author":0,"featured_media":34530,"comment_status":"closed","ping_status":"closed","sticky":false,"template":"","format":"standard","meta":{"footnotes":""},"categories":[8],"tags":[],"class_list":["post-34529","post","type-post","status-publish","format-standard","has-post-thumbnail","hentry","category-fortuna4you","d4yni-imported"],"_links":{"self":[{"href":"https:\/\/dus4you.de\/index.php\/wp-json\/wp\/v2\/posts\/34529","targetHints":{"allow":["GET"]}}],"collection":[{"href":"https:\/\/dus4you.de\/index.php\/wp-json\/wp\/v2\/posts"}],"about":[{"href":"https:\/\/dus4you.de\/index.php\/wp-json\/wp\/v2\/types\/post"}],"replies":[{"embeddable":true,"href":"https:\/\/dus4you.de\/index.php\/wp-json\/wp\/v2\/comments?post=34529"}],"version-history":[{"count":0,"href":"https:\/\/dus4you.de\/index.php\/wp-json\/wp\/v2\/posts\/34529\/revisions"}],"wp:featuredmedia":[{"embeddable":true,"href":"https:\/\/dus4you.de\/index.php\/wp-json\/wp\/v2\/media\/34530"}],"wp:attachment":[{"href":"https:\/\/dus4you.de\/index.php\/wp-json\/wp\/v2\/media?parent=34529"}],"wp:term":[{"taxonomy":"category","embeddable":true,"href":"https:\/\/dus4you.de\/index.php\/wp-json\/wp\/v2\/categories?post=34529"},{"taxonomy":"post_tag","embeddable":true,"href":"https:\/\/dus4you.de\/index.php\/wp-json\/wp\/v2\/tags?post=34529"}],"curies":[{"name":"wp","href":"https:\/\/api.w.org\/{rel}","templated":true}]}}