{"id":34509,"date":"2026-08-31T17:58:30","date_gmt":"2026-08-31T15:58:30","guid":{"rendered":"https:\/\/dus4you.de\/index.php\/2026\/08\/31\/transferfinale-bei-fortuna-38212759\/"},"modified":"2026-08-31T17:58:30","modified_gmt":"2026-08-31T15:58:30","slug":"transferfinale-bei-fortuna-38212759","status":"publish","type":"post","link":"https:\/\/dus4you.de\/index.php\/2026\/08\/31\/transferfinale-bei-fortuna-38212759\/","title":{"rendered":"TRANSFERFINALE BEI FORTUNA"},"content":{"rendered":"<p>\ud83d\udd34\u26aa TRANSFERFINALE BEI FORTUNA \ud83d\udd34\u26aa<br>\nBORNSCHEIN IST DA, GEREZGIHER SOLL FOLGEN \u2013 UND WAS WIRD AUS DEN JUNGEN?<\/p>\n<p>Fortuna D\u00fcsseldorf biegt auf die Zielgerade eines Transfersommers ein, der ohnehin schon kaum noch mit dem Begriff \u201eUmbruch\u201c zu beschreiben ist. Kurz vor dem Ende der Wechselperiode wird der Kader noch einmal nachjustiert: Die offene Stelle in der Innenverteidigung ist besetzt, f\u00fcr die offensive Au\u00dfenbahn zeichnet sich ebenfalls eine L\u00f6sung ab. Gleichzeitig bleiben ausgerechnet bei mehreren jungen Spielern Fragen offen. Damit geht es in den letzten Stunden des Transferfensters l\u00e4ngst nicht mehr nur darum, wer noch kommt \u2013 sondern auch darum, welchen Platz der eigene Nachwuchs in diesem neuen Fortuna-Kader \u00fcberhaupt noch besitzt.<\/p>\n<p>Mit Lukas Bornschein hat Fortuna auf den langfristigen Ausfall von Felix Meiser reagiert. Der 21 Jahre alte und 1,96 Meter gro\u00dfe Innenverteidiger kommt f\u00fcr eine Saison auf Leihbasis vom VfL Osnabr\u00fcck nach D\u00fcsseldorf und erh\u00e4lt die R\u00fcckennummer 4. Bornschein bringt k\u00f6rperliche Pr\u00e4senz und Tempo mit und passt damit ziemlich genau in das Profil, nach dem Sportvorstand Samir Arabi zuletzt gesucht hat. Dass Fortuna nach Meisers Meniskusverletzung in der Abwehr reagieren musste, ist sportlich nachvollziehbar. Mit diesem Transfer ist zumindest eine der letzten gro\u00dfen Baustellen im Kader geschlossen.<\/p>\n<p>Doch offenbar soll damit noch nicht Schluss sein. F\u00fcr die offensive Au\u00dfenbahn verdichtet sich die Spur zu Filimon Gerezgiher. Der 26-J\u00e4hrige von der SV Elversberg gilt als schneller, dynamischer Fl\u00fcgelspieler und k\u00f6nnte Fortuna genau jene zus\u00e4tzliche Geschwindigkeit geben, die im Offensivspiel bislang nicht immer vorhanden war. Noch ist der Wechsel von Vereinsseite nicht best\u00e4tigt, deshalb bleibt Zur\u00fcckhaltung angebracht. Sollte der Transfer allerdings wie berichtet zustande kommen, h\u00e4tte Arabi auch die zweite Position besetzt, auf der Fortuna zum Ende der Transferperiode noch einmal nachlegen wollte.<\/p>\n<p>Auf dem Papier w\u00e4re der Plan damit aufgegangen: Einen Innenverteidiger holen, einen schnellen Au\u00dfenst\u00fcrmer holen und den Kader noch einmal breiter aufstellen. Die spannendere Frage beginnt aber genau dort.<\/p>\n<p>Denn w\u00e4hrend Fortuna weiterhin externe Verst\u00e4rkungen verpflichtet, ist die Zukunft von Noah Egouli, Levi Mentzel und Kilian Sauck noch immer nicht abschlie\u00dfend gekl\u00e4rt.<\/p>\n<p>Bei Egouli gibt es Interesse aus der Regionalliga, unter anderem werden der FSV Zwickau und der Bonner SC als m\u00f6gliche Abnehmer genannt. Auch bei Mentzel soll es Interessenten geben, wobei sein Weg m\u00f6glicherweise nach \u00d6sterreich f\u00fchren k\u00f6nnte. Gerade bei diesen beiden Personalien lohnt sich ein genauerer Blick: Fortuna hatte Egouli und Mentzel erst im Mai mit Profivertr\u00e4gen bis 2029 ausgestattet und dabei ausdr\u00fccklich ihren n\u00e4chsten Entwicklungsschritt in Richtung Profimannschaft hervorgehoben.<\/p>\n<p>Wenige Monate sp\u00e4ter wird nun dar\u00fcber gesprochen, ob sie diesen Entwicklungsschritt zun\u00e4chst bei einem anderen Verein machen sollen.<\/p>\n<p>Das muss kein Widerspruch sein. Eine gut geplante Leihe kann f\u00fcr einen jungen Fu\u00dfballer wertvoller sein als ein Jahr zwischen Ersatzbank, Trib\u00fcne und wenigen Minuten in der U23. Entscheidend ist aber, dass hinter einer solchen Entscheidung ein erkennbarer sportlicher Plan steht. Ein Talent zu verleihen, weil es woanders 30 Spiele absolvieren kann, ist Nachwuchsf\u00f6rderung. Ein Talent abzugeben, weil der eigene Profikader inzwischen so voll geworden ist, dass kaum noch Platz vorhanden ist, w\u00e4re etwas anderes.<\/p>\n<p>Besonders interessant bleibt deshalb die Situation bei Kilian Sauck. F\u00fcr ihn ist bislang keine konkrete Anfrage bekannt. Sollte sich daran nichts mehr \u00e4ndern, muss Fortuna beantworten, welche Perspektive man ihm in D\u00fcsseldorf tats\u00e4chlich bieten m\u00f6chte. Einfach einen jungen Spieler im Kader zu behalten, ohne ihm eine realistische Chance auf Einsatzzeit zu geben, hilft weder Fortuna noch dem Spieler.<\/p>\n<p>Und genau hier liegt die eigentliche Brisanz dieses Transferfinales.<\/p>\n<p>Niemand kann ernsthaft verlangen, dass Fortuna auf notwendige Verst\u00e4rkungen verzichtet, nur damit ein Nachwuchsspieler automatisch einen Kaderplatz erh\u00e4lt. Profifu\u00dfball ist Leistungssport, und nach dem Abstieg musste der Verein reagieren. Bornschein soll eine konkrete L\u00fccke schlie\u00dfen, Gerezgiher w\u00fcrde ein Profil mitbringen, das Fortuna offenbar noch fehlt. Beide Transfers lassen sich sportlich begr\u00fcnden.<\/p>\n<p>Aber ein Verein, der immer wieder von Durchl\u00e4ssigkeit, Talententwicklung und eigener Nachwuchsarbeit spricht, muss sich daran messen lassen, ob diese Worte auch dann gelten, wenn es ernst wird.<\/p>\n<p>Die Verpflichtung eines jungen Spielers ist noch keine Nachwuchsf\u00f6rderung. Ein Profivertrag ist noch keine Perspektive. Entscheidend sind Vertrauen, Einsatzzeiten und ein nachvollziehbarer Entwicklungsweg.<\/p>\n<p>Gerade deshalb sollte Fortuna bei Sauck, Egouli und Mentzel sehr genau \u00fcberlegen, welcher Weg wirklich der richtige ist. Eine sinnvolle Leihe mit regelm\u00e4\u00dfiger Spielpraxis kann hervorragend sein. Ein Verbleib in D\u00fcsseldorf kann genauso richtig sein \u2013 wenn Alexander Ende bereit ist, den Spielern tats\u00e4chlich eine Chance zu geben. Was nicht passieren darf, ist ein Zustand dazwischen: Profivertrag auf dem Papier, aber sportlich ohne echte Perspektive.<\/p>\n<p>Fortunas Transferfinale erz\u00e4hlt damit zwei Geschichten gleichzeitig. Auf der einen Seite versucht Samir Arabi konsequent, die letzten erkennbaren Schw\u00e4chen des Kaders zu beseitigen. Bornschein ist bereits da, Gerezgiher k\u00f6nnte der n\u00e4chste sein. Auf der anderen Seite muss der Verein jetzt zeigen, dass beim Neuaufbau nicht ausgerechnet jene Spieler durchs Raster fallen, die eigentlich einmal Fortunas Zukunft darstellen sollen.<\/p>\n<p>Neue Spieler k\u00f6nnen Fortuna besser machen.<\/p>\n<p>Aber ein nachhaltiger Neuaufbau besteht nicht nur daraus, m\u00f6glichst viele neue Spieler zu verpflichten. Er besteht auch darin, die eigenen guten Spieler besser zu machen.<\/p>\n<p>Und genau daran wird sich dieser Transfersommer irgendwann messen lassen m\u00fcssen.<\/p>\n<p>Wie bewertet ihr den Endspurt? Ist Bornschein die richtige Verst\u00e4rkung f\u00fcr die Innenverteidigung? W\u00e4re Gerezgiher der fehlende schnelle Mann f\u00fcr die Au\u00dfenbahn? Und vor allem: Soll Fortuna Egouli, Mentzel und Sauck verleihen \u2013 oder sollten diese Jungs endlich eine echte Chance in der 3. Liga bekommen?<\/p>\n<p>#FortunaD\u00fcsseldorf #F95 #Fortuna4You #D\u00fcsseldorf #Transferfinale #Fortuna #Nachwuchs #3Liga @Follower @Top-Fans<\/p>\n<p><a class=\"button\" href=\"https:\/\/www.facebook.com\/1294036359427179\/posts\/1506180538212759\" target=\"_blank\" rel=\"noopener\">Beitrag auf Facebook ansehen<\/a><\/p>\n\n<div class=\"d4yni-embed d4yni-embed-fbpost\"><div class=\"d4yni-embed-inner\"><iframe src=\"https:\/\/www.facebook.com\/plugins\/post.php?href=https%3A%2F%2Fwww.facebook.com%2F1294036359427179%2Fposts%2F1506180538212759&#038;show_text=false&#038;width=500\" width=\"500\" height=\"680\" style=\"border:none;overflow:hidden\" scrolling=\"no\" frameborder=\"0\" allow=\"autoplay; clipboard-write; encrypted-media; picture-in-picture; web-share\"><\/iframe><\/div><\/div>","protected":false},"excerpt":{"rendered":"<p>\ud83d\udd34\u26aa TRANSFERFINALE BEI FORTUNA \ud83d\udd34\u26aa BORNSCHEIN IST DA, GEREZGIHER SOLL FOLGEN \u2013 UND WAS WIRD AUS DEN JUNGEN? Fortuna D\u00fcsseldorf biegt auf die Zielgerade eines Transfersommers ein, der ohnehin schon kaum noch mit dem Begriff \u201eUmbruch\u201c zu beschreiben ist. Kurz vor dem Ende der Wechselperiode wird der Kader noch einmal nachjustiert: Die offene Stelle in [&hellip;]<\/p>\n","protected":false},"author":0,"featured_media":34510,"comment_status":"closed","ping_status":"closed","sticky":false,"template":"","format":"standard","meta":{"footnotes":""},"categories":[8],"tags":[],"class_list":["post-34509","post","type-post","status-publish","format-standard","has-post-thumbnail","hentry","category-fortuna4you","d4yni-imported"],"_links":{"self":[{"href":"https:\/\/dus4you.de\/index.php\/wp-json\/wp\/v2\/posts\/34509","targetHints":{"allow":["GET"]}}],"collection":[{"href":"https:\/\/dus4you.de\/index.php\/wp-json\/wp\/v2\/posts"}],"about":[{"href":"https:\/\/dus4you.de\/index.php\/wp-json\/wp\/v2\/types\/post"}],"replies":[{"embeddable":true,"href":"https:\/\/dus4you.de\/index.php\/wp-json\/wp\/v2\/comments?post=34509"}],"version-history":[{"count":0,"href":"https:\/\/dus4you.de\/index.php\/wp-json\/wp\/v2\/posts\/34509\/revisions"}],"wp:featuredmedia":[{"embeddable":true,"href":"https:\/\/dus4you.de\/index.php\/wp-json\/wp\/v2\/media\/34510"}],"wp:attachment":[{"href":"https:\/\/dus4you.de\/index.php\/wp-json\/wp\/v2\/media?parent=34509"}],"wp:term":[{"taxonomy":"category","embeddable":true,"href":"https:\/\/dus4you.de\/index.php\/wp-json\/wp\/v2\/categories?post=34509"},{"taxonomy":"post_tag","embeddable":true,"href":"https:\/\/dus4you.de\/index.php\/wp-json\/wp\/v2\/tags?post=34509"}],"curies":[{"name":"wp","href":"https:\/\/api.w.org\/{rel}","templated":true}]}}