{"id":34488,"date":"2026-08-31T09:32:03","date_gmt":"2026-08-31T07:32:03","guid":{"rendered":"https:\/\/dus4you.de\/index.php\/2026\/08\/31\/transferfinale-zwei-neue-gesucht-aber-die-eigenen-jungen-sollen-gehen-68247546\/"},"modified":"2026-08-31T09:32:03","modified_gmt":"2026-08-31T07:32:03","slug":"transferfinale-zwei-neue-gesucht-aber-die-eigenen-jungen-sollen-gehen-68247546","status":"publish","type":"post","link":"https:\/\/dus4you.de\/index.php\/2026\/08\/31\/transferfinale-zwei-neue-gesucht-aber-die-eigenen-jungen-sollen-gehen-68247546\/","title":{"rendered":"TRANSFERFINALE: ZWEI NEUE GESUCHT \u2013 ABER DIE EIGENEN JUNGEN SOLLEN GEHEN?"},"content":{"rendered":"<p>\ud83d\udd34\u26aa TRANSFERFINALE: ZWEI NEUE GESUCHT \u2013 ABER DIE EIGENEN JUNGEN SOLLEN GEHEN?<\/p>\n<p>Bis Dienstagabend l\u00e4uft die Wechselperiode \u2013 und bei Fortuna ist der Kader offenbar noch nicht fertig. Nach aktuellen Medienberichten sucht Sportvorstand Samir Arabi noch einen Innenverteidiger und einen schnellen Au\u00dfenst\u00fcrmer. Konkrete Namen sind bislang nicht belastbar \u00f6ffentlich geworden. Im Blick sollen vor allem Spieler stehen, die bei Bundesligisten kurz vor dem Ende des Transferfensters keine ausreichende Perspektive mehr besitzen.<\/p>\n<p>Der Bedarf in der Innenverteidigung ist nachvollziehbar. Felix Meiser f\u00e4llt nach seiner Meniskusverletzung und der notwendigen Operation voraussichtlich lange aus. Dominique Heintz musste gegen Stuttgart II zudem kurzfristig wegen Oberschenkelproblemen passen. Elias Egouli machte seine Sache ordentlich, doch mit Heintz, Tim Oberdorf und den jungen Alternativen ist die Position f\u00fcr eine lange Drittliga-Saison nicht so komfortabel besetzt, wie es die reine Anzahl der Namen vermuten l\u00e4sst. Gesucht wird deshalb offenbar ein Spieler, der sofort helfen kann \u2013 und nicht erst monatelang an das Niveau herangef\u00fchrt werden muss.<\/p>\n<p>Noch spannender ist die Suche nach einem Au\u00dfenst\u00fcrmer. Fortuna fehlt im Angriff ein etablierter Fl\u00fcgelspieler, der mit Tempo ins Eins-gegen-eins geht, Gegner bindet und das Spiel konsequent in die Tiefe zieht. Anas Slimani hat gegen Stuttgart II gezeigt, wie wertvoll genau diese Unbek\u00fcmmertheit sein kann. Gleichzeitig soll ausgerechnet Kilian Sauck weiterhin zu den Kandidaten geh\u00f6ren, die den Verein verlassen k\u00f6nnten. Ein Spieler also, der bei seiner Verpflichtung wegen seines Tempodribblings, seines Mutes am Ball und seines Entwicklungspotenzials gelobt wurde.<\/p>\n<p>Darin steckt der gro\u00dfe Widerspruch dieses Transfersommers: Fortuna sucht auf dem Markt offenbar genau die Qualit\u00e4ten, die im eigenen Kader zumindest teilweise vorhanden sind. Nat\u00fcrlich kann niemand seri\u00f6s behaupten, Sauck sei bereits die fertige L\u00f6sung. Aber einen 19-J\u00e4hrigen mit Vertrag bis 2029 nach wenigen Monaten wieder abzugeben, w\u00e4hrend gleichzeitig ein neuer Au\u00dfenst\u00fcrmer gesucht wird, m\u00fcsste sportlich sehr \u00fcberzeugend begr\u00fcndet werden.<\/p>\n<p>Das gr\u00f6\u00dfte Hindernis ist ohnehin das Geld. Nach Medienberichten wurde Fortunas Kaderetat auf rund acht Millionen Euro erh\u00f6ht. Mitte August sollen davon bereits etwa 7,8 Millionen gebunden gewesen sein \u2013 und anschlie\u00dfend kam mit Erik Wekesser noch der mittlerweile 17. externe Sommerzugang. Eine positive Transferbilanz bedeutet dabei nicht automatisch, dass gen\u00fcgend Gehaltsbudget vorhanden ist. Abl\u00f6sesummen und laufende Personalkosten sind zwei verschiedene Rechnungen.<\/p>\n<p>Zus\u00e4tzlichen Spielraum k\u00f6nnten deshalb weitere Abg\u00e4nge schaffen. Neben Sauck werden auch Noah Egouli und Levi Mentzel als m\u00f6gliche Wechselkandidaten gehandelt. Ausgerechnet jene beiden Innenverteidiger, die erst im Mai mit Profivertr\u00e4gen bis 2029 ausgestattet und damals als Beispiele f\u00fcr die erfolgreiche Nachwuchsarbeit der Fortuna pr\u00e4sentiert wurden. Eine Leihe mit garantierter Spielzeit w\u00e4re nachvollziehbar. Talente lediglich aus finanziellen Gr\u00fcnden weiterzureichen, w\u00e4hrend anschlie\u00dfend Ersatz von au\u00dfen verpflichtet wird, w\u00e4re dagegen ein ziemlich fragw\u00fcrdiges Signal.<\/p>\n<p>Arabis wahrscheinlichster Weg f\u00fchrt \u00fcber Leihgesch\u00e4fte oder Profis, bei denen die abgebenden Vereine einen Teil des Gehalts \u00fcbernehmen. Genau deshalb fallen manche Entscheidungen erst auf den letzten Metern: Bundesligisten m\u00fcssen ihre Kader verkleinern, Spieler korrigieren ihre Anspr\u00fcche und pl\u00f6tzlich werden L\u00f6sungen m\u00f6glich, die einige Tage zuvor noch unbezahlbar waren. Fortuna darf dabei aber nicht irgendeinen bekannten Namen verpflichten. Wer jetzt kommt, muss sofort funktionieren, das Team gezielt verbessern und finanziell auch \u00fcber diese Saison hinaus verantwortbar sein.<\/p>\n<p>Der erste Sieg gegen Stuttgart II hat etwas Zeit gekauft, die Schwachstellen aber nicht beseitigt. Jetzt muss Arabi entscheiden: Holt Fortuna tats\u00e4chlich noch zwei fertige Spieler \u2013 oder vertraut der Verein endlich konsequenter auf die jungen Kr\u00e4fte, die bereits da sind? Ein \u00fcberhasteter Transfer hilft niemandem. Zwei wirklich passende Verst\u00e4rkungen k\u00f6nnten dagegen dar\u00fcber entscheiden, ob Fortuna nur in der 3. Liga mitspielt oder ernsthaft nach oben angreifen kann.<\/p>\n<p>Wie w\u00fcrdet ihr entscheiden: Noch zweimal nachlegen \u2013 oder Sauck, Slimani, die Egoulis und Mentzel behalten und ihnen endlich eine echte Chance geben?<\/p>\n<p>#FortunaD\u00fcsseldorf #F95 #Fortuna4You #D\u00fcsseldorf #Transferfinale #SamirArabi #3Liga #FortunaNachwuchs @Follower<\/p>\n<p><a class=\"button\" href=\"https:\/\/www.facebook.com\/1294036359427179\/posts\/1505832668247546\" target=\"_blank\" rel=\"noopener\">Beitrag auf Facebook ansehen<\/a><\/p>\n\n<div class=\"d4yni-embed d4yni-embed-fbpost\"><div class=\"d4yni-embed-inner\"><iframe src=\"https:\/\/www.facebook.com\/plugins\/post.php?href=https%3A%2F%2Fwww.facebook.com%2F1294036359427179%2Fposts%2F1505832668247546&#038;show_text=false&#038;width=500\" width=\"500\" height=\"680\" style=\"border:none;overflow:hidden\" scrolling=\"no\" frameborder=\"0\" allow=\"autoplay; clipboard-write; encrypted-media; picture-in-picture; web-share\"><\/iframe><\/div><\/div>","protected":false},"excerpt":{"rendered":"<p>\ud83d\udd34\u26aa TRANSFERFINALE: ZWEI NEUE GESUCHT \u2013 ABER DIE EIGENEN JUNGEN SOLLEN GEHEN? Bis Dienstagabend l\u00e4uft die Wechselperiode \u2013 und bei Fortuna ist der Kader offenbar noch nicht fertig. Nach aktuellen Medienberichten sucht Sportvorstand Samir Arabi noch einen Innenverteidiger und einen schnellen Au\u00dfenst\u00fcrmer. Konkrete Namen sind bislang nicht belastbar \u00f6ffentlich geworden. Im Blick sollen vor allem [&hellip;]<\/p>\n","protected":false},"author":0,"featured_media":34489,"comment_status":"closed","ping_status":"closed","sticky":false,"template":"","format":"standard","meta":{"footnotes":""},"categories":[8],"tags":[],"class_list":["post-34488","post","type-post","status-publish","format-standard","has-post-thumbnail","hentry","category-fortuna4you","d4yni-imported"],"_links":{"self":[{"href":"https:\/\/dus4you.de\/index.php\/wp-json\/wp\/v2\/posts\/34488","targetHints":{"allow":["GET"]}}],"collection":[{"href":"https:\/\/dus4you.de\/index.php\/wp-json\/wp\/v2\/posts"}],"about":[{"href":"https:\/\/dus4you.de\/index.php\/wp-json\/wp\/v2\/types\/post"}],"replies":[{"embeddable":true,"href":"https:\/\/dus4you.de\/index.php\/wp-json\/wp\/v2\/comments?post=34488"}],"version-history":[{"count":0,"href":"https:\/\/dus4you.de\/index.php\/wp-json\/wp\/v2\/posts\/34488\/revisions"}],"wp:featuredmedia":[{"embeddable":true,"href":"https:\/\/dus4you.de\/index.php\/wp-json\/wp\/v2\/media\/34489"}],"wp:attachment":[{"href":"https:\/\/dus4you.de\/index.php\/wp-json\/wp\/v2\/media?parent=34488"}],"wp:term":[{"taxonomy":"category","embeddable":true,"href":"https:\/\/dus4you.de\/index.php\/wp-json\/wp\/v2\/categories?post=34488"},{"taxonomy":"post_tag","embeddable":true,"href":"https:\/\/dus4you.de\/index.php\/wp-json\/wp\/v2\/tags?post=34488"}],"curies":[{"name":"wp","href":"https:\/\/api.w.org\/{rel}","templated":true}]}}