{"id":30667,"date":"2026-07-23T06:00:15","date_gmt":"2026-07-23T04:00:15","guid":{"rendered":"https:\/\/dus4you.de\/index.php\/2026\/07\/23\/brauchtum-unter-druck-warum-vereine-heute-um-verstaendnis-kaempfen-muessen-55905810\/"},"modified":"2026-08-14T20:10:51","modified_gmt":"2026-08-14T18:10:51","slug":"brauchtum-unter-druck-warum-vereine-heute-um-verstaendnis-kaempfen-muessen-55905810","status":"publish","type":"post","link":"https:\/\/dus4you.de\/index.php\/2026\/07\/23\/brauchtum-unter-druck-warum-vereine-heute-um-verstaendnis-kaempfen-muessen-55905810\/","title":{"rendered":"Brauchtum unter Druck: Warum Vereine heute um Verst\u00e4ndnis k\u00e4mpfen m\u00fcssen"},"content":{"rendered":"<figure class=\"d4yni-figure d4yni-figure-local\"><a href=\"https:\/\/dus4you.de\/wp-content\/uploads\/2026\/07\/d4y-brauchtum-unter-druck-warum-vereine-heute-um-verstaendnis-kaempfen-muessen-juli.2026.jpg\" class=\"d4yni-lightbox\" data-mce-href=\"https:\/\/dus4you.de\/wp-content\/uploads\/2026\/07\/d4y-brauchtum-unter-druck-warum-vereine-heute-um-verstaendnis-kaempfen-muessen-juli.2026.jpg\"><img decoding=\"async\" src=\"https:\/\/dus4you.de\/wp-content\/uploads\/2026\/07\/d4y-brauchtum-unter-druck-warum-vereine-heute-um-verstaendnis-kaempfen-muessen-juli.2026.jpg\" alt=\"\" data-mce-src=\"https:\/\/dus4you.de\/wp-content\/uploads\/2026\/07\/d4y-brauchtum-unter-druck-warum-vereine-heute-um-verstaendnis-kaempfen-muessen-juli.2026.jpg\"><\/a><\/figure>\n<p>Brauchtum unter Druck: Warum Vereine heute um Verst\u00e4ndnis k\u00e4mpfen m\u00fcssen<\/p>\n<p>Beitrag von 24<\/p>\n<p>Sch\u00fctzenvereine waren in vielen Stadtteilen lange selbstverst\u00e4ndlich. Heute ist nichts mehr selbstverst\u00e4ndlich: nicht der Nachwuchs, nicht die Akzeptanz, nicht die Bereitschaft, Verantwortung zu \u00fcbernehmen. Genau deshalb m\u00fcssen sie sichtbarer, offener und erkl\u00e4render werden.<\/p>\n<p>Fr\u00fcher musste ein Sch\u00fctzenverein sich oft nicht erkl\u00e4ren. Er war einfach da. Er geh\u00f6rte zum Ort wie die Kirche, die Schule, der Sportplatz, die Kirmes, die Kneipe an der Ecke. Man kannte die Gesichter, kannte die Namen, kannte den Termin im Kalender.<\/p>\n<p>\u2026..<\/p>\n<p>Aus unserer 24-teiligen Serie ist inzwischen ein Buch geworden:<br>\u201eMehr als Marsch und Kirmes \u2013 24 Perspektiven auf Sch\u00fctzenwesen, Ehrenamt und Zusammenhalt\u201c.<\/p>\n<p>Hier erfahrt ihr mehr \u00fcber das Buch:<br><a href=\"https:\/\/dus4you.de\/index.php\/mehr-als-marsch-und-kirmes\/\">https:\/\/dus4you.de\/index.php\/mehr-als-marsch-und-kirmes\/<\/a><\/p>\n\n<div class=\"d4yni-embed d4yni-embed-fbpost\"><div class=\"d4yni-embed-inner\"><iframe src=\"https:\/\/www.facebook.com\/plugins\/post.php?href=https%3A%2F%2Fwww.facebook.com%2F1290553509760153%2Fposts%2F1462430255905810&#038;show_text=false&#038;width=500\" width=\"500\" height=\"680\" style=\"border:none;overflow:hidden\" scrolling=\"no\" frameborder=\"0\" allow=\"autoplay; clipboard-write; encrypted-media; picture-in-picture; web-share\"><\/iframe><\/div><\/div><p><a class=\"button\" href=\"https:\/\/www.facebook.com\/1290553509760153\/posts\/1462430255905810\" target=\"_blank\" rel=\"noopener\">Beitrag auf Facebook ansehen<\/a><\/p>","protected":false},"excerpt":{"rendered":"<p>Brauchtum unter Druck: Warum Vereine heute um Verst\u00e4ndnis k\u00e4mpfen m\u00fcssen Beitrag von 24 Sch\u00fctzenvereine waren in vielen Stadtteilen lange selbstverst\u00e4ndlich. Heute ist nichts mehr selbstverst\u00e4ndlich: nicht der Nachwuchs, nicht die Akzeptanz, nicht die Bereitschaft, Verantwortung zu \u00fcbernehmen. Genau deshalb m\u00fcssen sie sichtbarer, offener und erkl\u00e4render werden. Fr\u00fcher musste ein Sch\u00fctzenverein sich oft nicht erkl\u00e4ren. Er [&hellip;]<\/p>\n","protected":false},"author":1,"featured_media":30668,"comment_status":"closed","ping_status":"closed","sticky":false,"template":"","format":"standard","meta":{"footnotes":""},"categories":[1],"tags":[],"class_list":["post-30667","post","type-post","status-publish","format-standard","has-post-thumbnail","hentry","category-duesseldorf4you","d4yni-imported"],"_links":{"self":[{"href":"https:\/\/dus4you.de\/index.php\/wp-json\/wp\/v2\/posts\/30667","targetHints":{"allow":["GET"]}}],"collection":[{"href":"https:\/\/dus4you.de\/index.php\/wp-json\/wp\/v2\/posts"}],"about":[{"href":"https:\/\/dus4you.de\/index.php\/wp-json\/wp\/v2\/types\/post"}],"author":[{"embeddable":true,"href":"https:\/\/dus4you.de\/index.php\/wp-json\/wp\/v2\/users\/1"}],"replies":[{"embeddable":true,"href":"https:\/\/dus4you.de\/index.php\/wp-json\/wp\/v2\/comments?post=30667"}],"version-history":[{"count":4,"href":"https:\/\/dus4you.de\/index.php\/wp-json\/wp\/v2\/posts\/30667\/revisions"}],"predecessor-version":[{"id":32302,"href":"https:\/\/dus4you.de\/index.php\/wp-json\/wp\/v2\/posts\/30667\/revisions\/32302"}],"wp:featuredmedia":[{"embeddable":true,"href":"https:\/\/dus4you.de\/index.php\/wp-json\/wp\/v2\/media\/30668"}],"wp:attachment":[{"href":"https:\/\/dus4you.de\/index.php\/wp-json\/wp\/v2\/media?parent=30667"}],"wp:term":[{"taxonomy":"category","embeddable":true,"href":"https:\/\/dus4you.de\/index.php\/wp-json\/wp\/v2\/categories?post=30667"},{"taxonomy":"post_tag","embeddable":true,"href":"https:\/\/dus4you.de\/index.php\/wp-json\/wp\/v2\/tags?post=30667"}],"curies":[{"name":"wp","href":"https:\/\/api.w.org\/{rel}","templated":true}]}}