{"id":28840,"date":"2026-03-05T07:37:35","date_gmt":"2026-03-05T06:37:35","guid":{"rendered":"https:\/\/dus4you.de\/index.php\/2026\/03\/05\/mit-georg-koch-verliert-fortuna-duesseldorf-weit-mehr-als-einen-ehemaligen-torwart-50576196\/"},"modified":"2026-03-17T16:33:24","modified_gmt":"2026-03-17T15:33:24","slug":"mit-georg-koch-verliert-fortuna-duesseldorf-weit-mehr-als-einen-ehemaligen-torwart-50576196","status":"publish","type":"post","link":"https:\/\/dus4you.de\/index.php\/2026\/03\/05\/mit-georg-koch-verliert-fortuna-duesseldorf-weit-mehr-als-einen-ehemaligen-torwart-50576196\/","title":{"rendered":"Mit Georg Koch verliert Fortuna D\u00fcsseldorf weit mehr als einen ehemaligen Torwart."},"content":{"rendered":"<p>Mit Georg Koch verliert Fortuna D\u00fcsseldorf weit mehr als einen ehemaligen Torwart.<\/p>\n<p>Die Fortuna verliert einen Menschen, der f\u00fcr viele Fans untrennbar mit einer ganz besonderen Zeit des Vereins verbunden bleibt. Georg Koch war nicht einfach nur Keeper in Rot und Wei\u00df. Er war ein echter Typ. Einer mit Ausstrahlung, mit Kante, mit Leidenschaft und mit dieser seltenen Art von Pr\u00e4senz, die weit \u00fcber das Spielfeld hinaus in Erinnerung bleibt. Spieler wie ihn vergisst man nicht, weil sie nicht nur Leistung bringen, sondern weil sie Spuren hinterlassen.<\/p>\n<p>Seine Verbindung zur Fortuna war etwas Besonderes. Kein anderer Verein stand in seiner Laufbahn so sehr f\u00fcr Heimat, Identifikation und bleibende Erinnerungen wie Fortuna D\u00fcsseldorf. 118 Pflichtspiele absolvierte Georg Koch f\u00fcr die Rot-Wei\u00dfen. Mehr als f\u00fcr jeden anderen Club seiner Karriere. Zwischen 1992 und 1997 stand er f\u00fcr Fortuna im Tor und wurde in diesen Jahren zu einem Gesicht des Vereins. In einer bewegten, emotionalen und pr\u00e4genden Zeit war er einer der Spieler, die mit ihrer Art h\u00e4ngenblieben. Nicht geschniegelt, nicht glatt, sondern ehrlich, leidenschaftlich und unverwechselbar.<\/p>\n<p>Georg Koch war ein Torwart, der nicht einfach nur B\u00e4lle hielt. Er verk\u00f6rperte Haltung. Er strahlte Kampfgeist aus. Er war einer, der sich dem Druck stellte, der Verantwortung annahm und der auf dem Platz nie den Eindruck vermittelte, sich verstecken zu wollen. Gerade deshalb blieb er vielen Fortuna-Fans so tief im Ged\u00e4chtnis. Er geh\u00f6rte zu den Spielern, die nicht nur ihren Job machten, sondern Charakter zeigten. Und genau das machte ihn f\u00fcr so viele zu einem echten Fortuna-Mann.<\/p>\n<p>Besonders schmerzhaft ist dieser Abschied auch deshalb, weil Georg Koch in seiner schweren Krankheit noch einmal genau jene St\u00e4rke zeigte, f\u00fcr die ihn viele schon als aktiven Spieler gesch\u00e4tzt haben. Er ging offen mit seinem Schicksal um, machte seine Erkrankung \u00f6ffentlich und begegnete dieser schweren Zeit mit einer Haltung, die ber\u00fchrte. Da war kein Wegducken, kein Verstecken, kein Selbstmitleid im Vordergrund. Da war dieser Wille, zu k\u00e4mpfen, standhaft zu bleiben und den Menschen offen zu begegnen. Auch das macht seine Geschichte so bewegend.<\/p>\n<p>F\u00fcr Fortuna D\u00fcsseldorf und f\u00fcr viele Menschen im rot-wei\u00dfen Umfeld war Georg Koch deshalb nie einfach nur ein ehemaliger Spieler. Er war jemand, der geblieben ist. In Erinnerungen, in Gespr\u00e4chen, in alten Bildern, in den Geschichten \u00fcber jene Jahre, in denen Fortuna von Typen lebte, die den Verein nicht nur getragen, sondern mitgepr\u00e4gt haben. Georg Koch war so ein Typ.<\/p>\n<p>Mit seinem Tod verliert die Fortuna ein St\u00fcck eigener Geschichte. Einen Torwart, einen Charakterkopf, einen K\u00e4mpfer. Vor allem aber einen Menschen, der diesem Verein auf besondere Weise verbunden war und dessen Name in D\u00fcsseldorf immer einen festen Platz behalten wird.<\/p>\n<p>Ruhe in Frieden, Georg Koch.<\/p>\n<p>Die Fortuna Familie wird dich niemals vergessen.<\/p>\n<p>@Follower @Top-Fans<\/p>\n<p><a class=\"button\" href=\"https:\/\/www.facebook.com\/1294036359427179\/posts\/1349212850576196\" target=\"_blank\" rel=\"noopener\">Beitrag auf Facebook ansehen<\/a><\/p>\n\n<div class=\"d4yni-embed d4yni-embed-fbpost\"><div class=\"d4yni-embed-inner\"><iframe src=\"https:\/\/www.facebook.com\/plugins\/post.php?href=https%3A%2F%2Fwww.facebook.com%2F1294036359427179%2Fposts%2F1349212850576196&#038;show_text=false&#038;width=500\" width=\"500\" height=\"680\" style=\"border:none;overflow:hidden\" scrolling=\"no\" frameborder=\"0\" allow=\"autoplay; clipboard-write; encrypted-media; picture-in-picture; web-share\"><\/iframe><\/div><\/div>","protected":false},"excerpt":{"rendered":"<p>Mit Georg Koch verliert Fortuna D\u00fcsseldorf weit mehr als einen ehemaligen Torwart. Die Fortuna verliert einen Menschen, der f\u00fcr viele Fans untrennbar mit einer ganz besonderen Zeit des Vereins verbunden bleibt. Georg Koch war nicht einfach nur Keeper in Rot und Wei\u00df. Er war ein echter Typ. Einer mit Ausstrahlung, mit Kante, mit Leidenschaft und&hellip; <br \/> <a class=\"button small blue\" href=\"https:\/\/dus4you.de\/index.php\/2026\/03\/05\/mit-georg-koch-verliert-fortuna-duesseldorf-weit-mehr-als-einen-ehemaligen-torwart-50576196\/\">Weiterlesen<\/a><\/p>\n","protected":false},"author":0,"featured_media":-1,"comment_status":"closed","ping_status":"closed","sticky":false,"template":"","format":"standard","meta":{"footnotes":""},"categories":[8],"tags":[],"class_list":["post-28840","post","type-post","status-publish","format-standard","has-post-thumbnail","hentry","category-fortuna4you","d4yni-imported"],"_links":{"self":[{"href":"https:\/\/dus4you.de\/index.php\/wp-json\/wp\/v2\/posts\/28840","targetHints":{"allow":["GET"]}}],"collection":[{"href":"https:\/\/dus4you.de\/index.php\/wp-json\/wp\/v2\/posts"}],"about":[{"href":"https:\/\/dus4you.de\/index.php\/wp-json\/wp\/v2\/types\/post"}],"replies":[{"embeddable":true,"href":"https:\/\/dus4you.de\/index.php\/wp-json\/wp\/v2\/comments?post=28840"}],"version-history":[{"count":2,"href":"https:\/\/dus4you.de\/index.php\/wp-json\/wp\/v2\/posts\/28840\/revisions"}],"predecessor-version":[{"id":29327,"href":"https:\/\/dus4you.de\/index.php\/wp-json\/wp\/v2\/posts\/28840\/revisions\/29327"}],"wp:featuredmedia":[{"embeddable":true,"href":"https:\/\/dus4you.de\/index.php\/wp-json\/"}],"wp:attachment":[{"href":"https:\/\/dus4you.de\/index.php\/wp-json\/wp\/v2\/media?parent=28840"}],"wp:term":[{"taxonomy":"category","embeddable":true,"href":"https:\/\/dus4you.de\/index.php\/wp-json\/wp\/v2\/categories?post=28840"},{"taxonomy":"post_tag","embeddable":true,"href":"https:\/\/dus4you.de\/index.php\/wp-json\/wp\/v2\/tags?post=28840"}],"curies":[{"name":"wp","href":"https:\/\/api.w.org\/{rel}","templated":true}]}}