{"id":24733,"date":"2020-09-26T06:48:50","date_gmt":"2020-09-26T04:48:50","guid":{"rendered":"https:\/\/dus4you.de\/?p=24733"},"modified":"2020-09-26T18:59:16","modified_gmt":"2020-09-26T16:59:16","slug":"strassenbahnen-u-bahnen-und-busse-fahren-nicht-rheinbahn-wird-am-dienstag-ganztaegig-bestreikt","status":"publish","type":"post","link":"https:\/\/dus4you.de\/index.php\/2020\/09\/26\/strassenbahnen-u-bahnen-und-busse-fahren-nicht-rheinbahn-wird-am-dienstag-ganztaegig-bestreikt\/","title":{"rendered":"Stra\u00dfenbahnen, U-Bahnen und Busse fahren nicht: Rheinbahn wird am Dienstag ganzt\u00e4gig bestreikt&#8230;"},"content":{"rendered":"<p>&#8230; die Gewerkschaften haben f\u00fcr Dienstag, 29. September, einen ganz- t\u00e4gigen Warnstreik angek\u00fcndigt, der auch alle U-Bahn-, Stra\u00dfenbahn- und Buslinien der Rheinbahn betrifft. Der Streik beginnt um 3 Uhr und soll 24 Stunden dauern. Die Rheinbahn wird in diesem Zeitraum keinen Verkehr anbieten. Betroffen ist das gesamte Netz der Rheinbahn, also die Stadt D\u00fcsseldorf, der Kreis Mettmann, die Stadt Meerbusch und die Verbindungen nach Duisburg, Krefeld, Neuss und Ratingen.<\/p>\n<p><strong>Die KundenCenter bleiben am Dienstag ebenfalls geschlossen.<\/strong><br \/>\nAufgrund der Corona-Pandemie wird die Rheinbahn keinen Sonder- fahrplan f\u00fcr einzelne Linien einrichten. Die Rheinbahn bittet die Fahrg\u00e4ste um Verst\u00e4ndnis f\u00fcr diese besondere Situation.<br \/>\nDie Rheinbahn empfiehlt, sich fr\u00fchzeitig \u00fcber Alternativen zu Stra\u00dfenbahnen, U-Bahnen und Bussen zu informieren und \u2013 soweit m\u00f6glich \u2013 auf die S-Bahnen und Regionalz\u00fcge der Eisenbahnunter- nehmen umzusteigen.<\/p>\n<p><strong>Information<\/strong><br \/>\nAktuelle Informationen gibt es unter www.rheinbahn.de\/streik, facebook.com\/rheinbahn und twitter.com\/DieRheinbahn. Informationen bekommen die Kunden au\u00dferdem rund um die Uhr unter der \u201eSchlauen Nummer\u201c 01806. 50 40 30 (20 Cent pro Anruf aus dem deutschen Festnetz, 60 Cent pro Anruf aus den Mobilfunknetzen).<\/p>\n<p><span style=\"font-size: 8pt;\">Info von www.rheinbahn.de vom 25.09.2020<\/span><\/p>\n","protected":false},"excerpt":{"rendered":"<p>&#8230; die Gewerkschaften haben f\u00fcr Dienstag, 29. September, einen ganz- t\u00e4gigen Warnstreik angek\u00fcndigt, der auch alle U-Bahn-, Stra\u00dfenbahn- und Buslinien der Rheinbahn betrifft. Der Streik beginnt um 3 Uhr und soll 24 Stunden dauern. Die Rheinbahn wird in diesem Zeitraum keinen Verkehr anbieten. Betroffen ist das gesamte Netz der Rheinbahn, also die Stadt D\u00fcsseldorf, der&hellip; <br \/> <a class=\"button small blue\" href=\"https:\/\/dus4you.de\/index.php\/2020\/09\/26\/strassenbahnen-u-bahnen-und-busse-fahren-nicht-rheinbahn-wird-am-dienstag-ganztaegig-bestreikt\/\">Weiterlesen<\/a><\/p>\n","protected":false},"author":2,"featured_media":721,"comment_status":"closed","ping_status":"closed","sticky":false,"template":"","format":"standard","meta":{"footnotes":""},"categories":[1],"tags":[],"class_list":["post-24733","post","type-post","status-publish","format-standard","has-post-thumbnail","hentry","category-duesseldorf4you"],"_links":{"self":[{"href":"https:\/\/dus4you.de\/index.php\/wp-json\/wp\/v2\/posts\/24733","targetHints":{"allow":["GET"]}}],"collection":[{"href":"https:\/\/dus4you.de\/index.php\/wp-json\/wp\/v2\/posts"}],"about":[{"href":"https:\/\/dus4you.de\/index.php\/wp-json\/wp\/v2\/types\/post"}],"author":[{"embeddable":true,"href":"https:\/\/dus4you.de\/index.php\/wp-json\/wp\/v2\/users\/2"}],"replies":[{"embeddable":true,"href":"https:\/\/dus4you.de\/index.php\/wp-json\/wp\/v2\/comments?post=24733"}],"version-history":[{"count":3,"href":"https:\/\/dus4you.de\/index.php\/wp-json\/wp\/v2\/posts\/24733\/revisions"}],"predecessor-version":[{"id":24736,"href":"https:\/\/dus4you.de\/index.php\/wp-json\/wp\/v2\/posts\/24733\/revisions\/24736"}],"wp:featuredmedia":[{"embeddable":true,"href":"https:\/\/dus4you.de\/index.php\/wp-json\/wp\/v2\/media\/721"}],"wp:attachment":[{"href":"https:\/\/dus4you.de\/index.php\/wp-json\/wp\/v2\/media?parent=24733"}],"wp:term":[{"taxonomy":"category","embeddable":true,"href":"https:\/\/dus4you.de\/index.php\/wp-json\/wp\/v2\/categories?post=24733"},{"taxonomy":"post_tag","embeddable":true,"href":"https:\/\/dus4you.de\/index.php\/wp-json\/wp\/v2\/tags?post=24733"}],"curies":[{"name":"wp","href":"https:\/\/api.w.org\/{rel}","templated":true}]}}