{"id":24570,"date":"2020-04-10T07:08:16","date_gmt":"2020-04-10T05:08:16","guid":{"rendered":"https:\/\/dus4you.de\/?p=24570"},"modified":"2020-04-10T07:08:16","modified_gmt":"2020-04-10T05:08:16","slug":"was-nach-der-corona-krise-zuerst-oeffnen-sollte","status":"publish","type":"post","link":"https:\/\/dus4you.de\/index.php\/2020\/04\/10\/was-nach-der-corona-krise-zuerst-oeffnen-sollte\/","title":{"rendered":"WAS NACH DER CORONA-KRISE ZUERST \u00d6FFNEN SOLLTE&#8230;"},"content":{"rendered":"<p>&#8230; noch h\u00e4lt Deutschland den Atem an, doch nach Ostern k\u00f6nnten die Corona-Schutzma\u00dfnahmen schrittweise gelockert werden. Wenn es nach den Verbrauchern geht, dann sollten Gesch\u00e4fte dann als erstes wieder \u00f6ffnen.<\/p>\n<p>In einer aktuellen Civey-Umfrage mit dem Business Insider stimmen 57,5 Prozent der Befragten daf\u00fcr. 52,2 Prozent der Befragten finden, dass Schulen und Kitas zuerst wieder \u00f6ffnen sollten und 34 Prozent stimmen f\u00fcr eine schnelle Wiederer\u00f6ffnung der Friseursalons.<\/p>\n<p>Ein Gro\u00dfteil der Deutschen w\u00fcrde allerdings eine Verl\u00e4ngerung des Lockdowns bef\u00fcrworten: Der Civey-Umfrage zufolge halten 55,9 Prozent der Deutschen eine Lockerung der Schutzma\u00dfnahmen ab dem 20. April f\u00fcr \u201ezu fr\u00fch\u201c. 29,6 Prozent bezeichnen diesen Zeitpunkt als \u201eangemessen\u201c, nur 9,4 Prozent finden ihn \u201ezu sp\u00e4t\u201c und 5,1 Prozent beantworten die Frage mit \u201eWei\u00df nicht\u201c!<\/p>\n<p><img loading=\"lazy\" decoding=\"async\" class=\"alignnone size-medium wp-image-24572\" src=\"https:\/\/dus4you.de\/wp-content\/uploads\/2020\/04\/BF2D2525-3C3C-4092-B810-5CFD35348ECD-300x300.png\" alt=\"\" width=\"300\" height=\"300\" srcset=\"https:\/\/dus4you.de\/wp-content\/uploads\/2020\/04\/BF2D2525-3C3C-4092-B810-5CFD35348ECD-300x300.png 300w, https:\/\/dus4you.de\/wp-content\/uploads\/2020\/04\/BF2D2525-3C3C-4092-B810-5CFD35348ECD-1024x1024.png 1024w, https:\/\/dus4you.de\/wp-content\/uploads\/2020\/04\/BF2D2525-3C3C-4092-B810-5CFD35348ECD-150x150.png 150w, https:\/\/dus4you.de\/wp-content\/uploads\/2020\/04\/BF2D2525-3C3C-4092-B810-5CFD35348ECD-768x768.png 768w, https:\/\/dus4you.de\/wp-content\/uploads\/2020\/04\/BF2D2525-3C3C-4092-B810-5CFD35348ECD-1536x1536.png 1536w, https:\/\/dus4you.de\/wp-content\/uploads\/2020\/04\/BF2D2525-3C3C-4092-B810-5CFD35348ECD-2048x2048.png 2048w, https:\/\/dus4you.de\/wp-content\/uploads\/2020\/04\/BF2D2525-3C3C-4092-B810-5CFD35348ECD-215x215.png 215w\" sizes=\"auto, (max-width: 300px) 100vw, 300px\" \/><\/p>\n<p><span style=\"font-size: 8pt;\">Quelle: www.statista.com, Frauke Suhr vom 09.04.2020<\/span><\/p>\n","protected":false},"excerpt":{"rendered":"<p>&#8230; noch h\u00e4lt Deutschland den Atem an, doch nach Ostern k\u00f6nnten die Corona-Schutzma\u00dfnahmen schrittweise gelockert werden. Wenn es nach den Verbrauchern geht, dann sollten Gesch\u00e4fte dann als erstes wieder \u00f6ffnen. In einer aktuellen Civey-Umfrage mit dem Business Insider stimmen 57,5 Prozent der Befragten daf\u00fcr. 52,2 Prozent der Befragten finden, dass Schulen und Kitas zuerst wieder&hellip; <br \/> <a class=\"button small blue\" href=\"https:\/\/dus4you.de\/index.php\/2020\/04\/10\/was-nach-der-corona-krise-zuerst-oeffnen-sollte\/\">Weiterlesen<\/a><\/p>\n","protected":false},"author":2,"featured_media":24572,"comment_status":"closed","ping_status":"closed","sticky":false,"template":"","format":"standard","meta":{"footnotes":""},"categories":[1],"tags":[],"class_list":["post-24570","post","type-post","status-publish","format-standard","has-post-thumbnail","hentry","category-duesseldorf4you"],"_links":{"self":[{"href":"https:\/\/dus4you.de\/index.php\/wp-json\/wp\/v2\/posts\/24570","targetHints":{"allow":["GET"]}}],"collection":[{"href":"https:\/\/dus4you.de\/index.php\/wp-json\/wp\/v2\/posts"}],"about":[{"href":"https:\/\/dus4you.de\/index.php\/wp-json\/wp\/v2\/types\/post"}],"author":[{"embeddable":true,"href":"https:\/\/dus4you.de\/index.php\/wp-json\/wp\/v2\/users\/2"}],"replies":[{"embeddable":true,"href":"https:\/\/dus4you.de\/index.php\/wp-json\/wp\/v2\/comments?post=24570"}],"version-history":[{"count":1,"href":"https:\/\/dus4you.de\/index.php\/wp-json\/wp\/v2\/posts\/24570\/revisions"}],"predecessor-version":[{"id":24573,"href":"https:\/\/dus4you.de\/index.php\/wp-json\/wp\/v2\/posts\/24570\/revisions\/24573"}],"wp:featuredmedia":[{"embeddable":true,"href":"https:\/\/dus4you.de\/index.php\/wp-json\/wp\/v2\/media\/24572"}],"wp:attachment":[{"href":"https:\/\/dus4you.de\/index.php\/wp-json\/wp\/v2\/media?parent=24570"}],"wp:term":[{"taxonomy":"category","embeddable":true,"href":"https:\/\/dus4you.de\/index.php\/wp-json\/wp\/v2\/categories?post=24570"},{"taxonomy":"post_tag","embeddable":true,"href":"https:\/\/dus4you.de\/index.php\/wp-json\/wp\/v2\/tags?post=24570"}],"curies":[{"name":"wp","href":"https:\/\/api.w.org\/{rel}","templated":true}]}}