{"id":24482,"date":"2020-01-29T11:10:52","date_gmt":"2020-01-29T10:10:52","guid":{"rendered":"https:\/\/dus4you.de\/?p=24482"},"modified":"2020-01-29T11:10:52","modified_gmt":"2020-01-29T10:10:52","slug":"jahresauftakt-jubilare-und-gute-laune-titularfest-der-kalkumer-schuetzen","status":"publish","type":"post","link":"https:\/\/dus4you.de\/index.php\/2020\/01\/29\/jahresauftakt-jubilare-und-gute-laune-titularfest-der-kalkumer-schuetzen\/","title":{"rendered":"JAHRESAUFTAKT, JUBILARE UND GUTE LAUNE: TITULARFEST DER KALKUMER SCH\u00dcTZEN&#8230;"},"content":{"rendered":"<p><img loading=\"lazy\" decoding=\"async\" class=\"alignnone size-medium wp-image-24481\" src=\"https:\/\/dus4you.de\/wp-content\/uploads\/2020\/01\/2020-D4Y-Kalkum-Titularfest-300x200.jpg\" alt=\"\" width=\"300\" height=\"200\" srcset=\"https:\/\/dus4you.de\/wp-content\/uploads\/2020\/01\/2020-D4Y-Kalkum-Titularfest-300x200.jpg 300w, https:\/\/dus4you.de\/wp-content\/uploads\/2020\/01\/2020-D4Y-Kalkum-Titularfest-1024x683.jpg 1024w, https:\/\/dus4you.de\/wp-content\/uploads\/2020\/01\/2020-D4Y-Kalkum-Titularfest-768x512.jpg 768w, https:\/\/dus4you.de\/wp-content\/uploads\/2020\/01\/2020-D4Y-Kalkum-Titularfest-1536x1024.jpg 1536w, https:\/\/dus4you.de\/wp-content\/uploads\/2020\/01\/2020-D4Y-Kalkum-Titularfest-2048x1365.jpg 2048w\" sizes=\"auto, (max-width: 300px) 100vw, 300px\" \/><\/p>\n<p><span style=\"font-size: 8pt;\">von links: Kronprinz Ken-Robin K\u00f6rner, 2. Brudermeister Marc Behmer, Jubilar Ludwig Wegscheider,<br \/>\n1. Brudermeister Michael Hermes, K\u00f6nig Wolf Schier), Foto: Johannes Adam Stock<\/span><\/p>\n<p>Brudermeister Michael Hermes und sein Vertreter Marc Behmer reichten sich mit einem zufriedenen<br \/>\nL\u00e4cheln zur Gratulation die Hand: Soeben hatten die beiden mit einer fast schon unheimlichen<br \/>\nSouver\u00e4nit\u00e4t durch ihre erste Generalversammlung als Vorstand der St. Sebastianus Bruderschaft<br \/>\nKalkum 1429 e.V. gef\u00fchrt. Bei Kaffee und Kuchen f\u00fcr die einen, Schumacher Alt und \u201erheinischem<br \/>\nSushi\u201c f\u00fcr die anderen berichteten Sie, unterst\u00fctzt durch ihre Vorstandskollegen, \u00fcber das<br \/>\nvergangene Sch\u00fctzenjahr und die Pl\u00e4ne f\u00fcr die n\u00e4here Zukunft. Insbesondere die 600-Jahr Feier im<br \/>\nJahr 2029 wirft vorsichtig ihre ersten Schatten voraus und stellt die Kalkumer Sch\u00fctzen vor erste<br \/>\nHerausforderungen. Ein leichter Mitgliederzuwachs, breite R\u00fcckendeckung \u00fcber alle Kompanien<br \/>\nhinweg und die gute Zusammenarbeit mit den zahlreichen Partnern, allen voran der Brauerei<br \/>\nSchumacher, geben dem Vorstand jedoch allen Grund, frohen Mutes in die Zukunft zu blicken, so der<br \/>\nGesch\u00e4ftsf\u00fchrer Florian Kels: \u201eDas jetzt mit Yannik Kreyenkamp ein ganz junges Mitglied in den<br \/>\nVorstand r\u00fcckt und sich zum zweiten Schie\u00dfmeister w\u00e4hlen l\u00e4sst, ist f\u00fcr den Schie\u00dfsport in Kalkum<br \/>\nund f\u00fcr die Kalkumer Sch\u00fctzen im Allgemeinen eine \u00fcberragende Nachricht und Zeuge, dass hier<br \/>\nnicht nur alle Kompanien, sondern auch alle Generationen Hand in Hand arbeiten.\u201c<\/p>\n<p>Sozusagen am \u201eanderen Ende\u201c dieser Generationen gab es ebenfalls erfreuliches zu verk\u00fcnden:<br \/>\nLudwig Wegscheider (40 Jahre) sowie K\u00f6nigin Marion Schier (25 Jahre) wurden f\u00fcr ihre langj\u00e4hrige<br \/>\nMitgliedschaft und Unterst\u00fctzung des Kalkumer Sch\u00fctzenwesens ausgezeichnet.<\/p>\n<p>Und ungest\u00f6rt von Skand\u00e4lchen oder anderen Kontroversen bildete diese fast famili\u00e4re Harmonie die<br \/>\nBasis f\u00fcr einen Titularabend der Extraklasse: Bek\u00f6stigt vom Lohauser Sch\u00fctzenbruder Andreas<br \/>\nF\u00f6rster, der sich an diesem Abend f\u00fcr sein herausragendes Buffet noch mehrfach Applaus abholen<br \/>\ndurfte, f\u00fchrte Michael Hermes, mit all seiner Erfahrung aus dem D\u00fcsseldorfer Karneval, souver\u00e4n<br \/>\nund unterhaltsam durchs Programm. Den H\u00f6hepunkt des Abends im Lohauser \u201eTake off\u201c bildete<br \/>\ndann der Auftritt von S\u00e4nger Max Weyers, der mit Stimmungsmedleys den Saal zum Toben brachte \u2013<br \/>\nerneut \u00fcber alle Generationen hinweg.<\/p>\n<p>Der Start in ein erfolgreiches Sch\u00fctzenjahr ist in Kalkum also gesetzt, das Pulver aber noch lange nicht verschossen. \u201eFamilien mit Kindern sollten sich den Kalender am 07.06. auf jeden Fall dick<br \/>\nanstreichen.\u201c gibt sich die Gesch\u00e4ftsf\u00fchrung geheimnisvoll.<\/p>\n","protected":false},"excerpt":{"rendered":"<p>von links: Kronprinz Ken-Robin K\u00f6rner, 2. Brudermeister Marc Behmer, Jubilar Ludwig Wegscheider, 1. Brudermeister Michael Hermes, K\u00f6nig Wolf Schier), Foto: Johannes Adam Stock Brudermeister Michael Hermes und sein Vertreter Marc Behmer reichten sich mit einem zufriedenen L\u00e4cheln zur Gratulation die Hand: Soeben hatten die beiden mit einer fast schon unheimlichen Souver\u00e4nit\u00e4t durch ihre erste Generalversammlung&hellip; <br \/> <a class=\"button small blue\" href=\"https:\/\/dus4you.de\/index.php\/2020\/01\/29\/jahresauftakt-jubilare-und-gute-laune-titularfest-der-kalkumer-schuetzen\/\">Weiterlesen<\/a><\/p>\n","protected":false},"author":2,"featured_media":24481,"comment_status":"closed","ping_status":"closed","sticky":false,"template":"","format":"standard","meta":{"footnotes":""},"categories":[1],"tags":[],"class_list":["post-24482","post","type-post","status-publish","format-standard","has-post-thumbnail","hentry","category-duesseldorf4you"],"_links":{"self":[{"href":"https:\/\/dus4you.de\/index.php\/wp-json\/wp\/v2\/posts\/24482","targetHints":{"allow":["GET"]}}],"collection":[{"href":"https:\/\/dus4you.de\/index.php\/wp-json\/wp\/v2\/posts"}],"about":[{"href":"https:\/\/dus4you.de\/index.php\/wp-json\/wp\/v2\/types\/post"}],"author":[{"embeddable":true,"href":"https:\/\/dus4you.de\/index.php\/wp-json\/wp\/v2\/users\/2"}],"replies":[{"embeddable":true,"href":"https:\/\/dus4you.de\/index.php\/wp-json\/wp\/v2\/comments?post=24482"}],"version-history":[{"count":4,"href":"https:\/\/dus4you.de\/index.php\/wp-json\/wp\/v2\/posts\/24482\/revisions"}],"predecessor-version":[{"id":24486,"href":"https:\/\/dus4you.de\/index.php\/wp-json\/wp\/v2\/posts\/24482\/revisions\/24486"}],"wp:featuredmedia":[{"embeddable":true,"href":"https:\/\/dus4you.de\/index.php\/wp-json\/wp\/v2\/media\/24481"}],"wp:attachment":[{"href":"https:\/\/dus4you.de\/index.php\/wp-json\/wp\/v2\/media?parent=24482"}],"wp:term":[{"taxonomy":"category","embeddable":true,"href":"https:\/\/dus4you.de\/index.php\/wp-json\/wp\/v2\/categories?post=24482"},{"taxonomy":"post_tag","embeddable":true,"href":"https:\/\/dus4you.de\/index.php\/wp-json\/wp\/v2\/tags?post=24482"}],"curies":[{"name":"wp","href":"https:\/\/api.w.org\/{rel}","templated":true}]}}