{"id":22333,"date":"2019-03-06T09:48:04","date_gmt":"2019-03-06T08:48:04","guid":{"rendered":"https:\/\/dus4you.de\/?p=22333"},"modified":"2019-03-06T10:06:44","modified_gmt":"2019-03-06T09:06:44","slug":"brauchtum-und-tradition-am-aschermittwoch","status":"publish","type":"post","link":"https:\/\/dus4you.de\/index.php\/2019\/03\/06\/brauchtum-und-tradition-am-aschermittwoch\/","title":{"rendered":"Brauchtum und Tradition am Aschermittwoch\u2026"},"content":{"rendered":"<p>\u2026in der fr\u00fchen Kirche begann am Aschermittwoch die \u00f6ffentliche Bu\u00dfe. So legten die B\u00fc\u00dfer ein Bu\u00dfgewand an und wurden anschlie\u00dfend mit Asche bestreut. Im 10. Jahrhundert kam die \u00f6ffentliche Bu\u00dfe au\u00dfer Mode und das Asche-Ritual wurde nun auf alle Gl\u00e4ubigen ausgeweitet.<\/p>\n<p>Papst Urban II. f\u00fchrte am Ende des 11. Jahrhundert offiziell den bis heute g\u00fcltigen Brauch ein, dass die Gl\u00e4ubigen durch den Priester auf Stirn oder Scheitel mit Asche als Zeichen f\u00fcr die beginnende Bu\u00df- und Fastenzeit bestreut werden sollen.<\/p>\n<p>Traditionell spricht der Priester zur Austeilung des Aschenkreuzes dabei: <em>\u201eBedenke, Mensch, dass du Staub bist und wieder zum Staub zur\u00fcckkehren wirst.\u201c<\/em>. Seit dem 12. Jahrhundert wird die Asche, welche am Aschermittwoch verwendet wird, aus den am Palmsonntag \u00fcbrig gebliebenen Palmzweigen und \u00d6lzweigen des Vorjahres gewonnen. Der Termin des Aschermittwochs ist kein fester Tag, sondern ein variabler Termin, der sich vom Osterfest her errechnet.<\/p>\n<p><iframe loading=\"lazy\" title=\"Jupp Schmitz - Am Aschermittwoch ist alles vorbei 1978\" width=\"1333\" height=\"1000\" src=\"https:\/\/www.youtube.com\/embed\/y9Sbb7LffWA?feature=oembed\" frameborder=\"0\" allow=\"accelerometer; autoplay; clipboard-write; encrypted-media; gyroscope; picture-in-picture; web-share\" referrerpolicy=\"strict-origin-when-cross-origin\" allowfullscreen><\/iframe><\/p>\n","protected":false},"excerpt":{"rendered":"<p>\u2026in der fr\u00fchen Kirche begann am Aschermittwoch die \u00f6ffentliche Bu\u00dfe. So legten die B\u00fc\u00dfer ein Bu\u00dfgewand an und wurden anschlie\u00dfend mit Asche bestreut. Im 10. Jahrhundert kam die \u00f6ffentliche Bu\u00dfe au\u00dfer Mode und das Asche-Ritual wurde nun auf alle Gl\u00e4ubigen ausgeweitet. Papst Urban II. f\u00fchrte am Ende des 11. Jahrhundert offiziell den bis heute g\u00fcltigen&hellip; <br \/> <a class=\"button small blue\" href=\"https:\/\/dus4you.de\/index.php\/2019\/03\/06\/brauchtum-und-tradition-am-aschermittwoch\/\">Weiterlesen<\/a><\/p>\n","protected":false},"author":2,"featured_media":22332,"comment_status":"closed","ping_status":"closed","sticky":false,"template":"","format":"standard","meta":{"footnotes":""},"categories":[1],"tags":[],"class_list":["post-22333","post","type-post","status-publish","format-standard","has-post-thumbnail","hentry","category-duesseldorf4you"],"_links":{"self":[{"href":"https:\/\/dus4you.de\/index.php\/wp-json\/wp\/v2\/posts\/22333","targetHints":{"allow":["GET"]}}],"collection":[{"href":"https:\/\/dus4you.de\/index.php\/wp-json\/wp\/v2\/posts"}],"about":[{"href":"https:\/\/dus4you.de\/index.php\/wp-json\/wp\/v2\/types\/post"}],"author":[{"embeddable":true,"href":"https:\/\/dus4you.de\/index.php\/wp-json\/wp\/v2\/users\/2"}],"replies":[{"embeddable":true,"href":"https:\/\/dus4you.de\/index.php\/wp-json\/wp\/v2\/comments?post=22333"}],"version-history":[{"count":2,"href":"https:\/\/dus4you.de\/index.php\/wp-json\/wp\/v2\/posts\/22333\/revisions"}],"predecessor-version":[{"id":22335,"href":"https:\/\/dus4you.de\/index.php\/wp-json\/wp\/v2\/posts\/22333\/revisions\/22335"}],"wp:featuredmedia":[{"embeddable":true,"href":"https:\/\/dus4you.de\/index.php\/wp-json\/wp\/v2\/media\/22332"}],"wp:attachment":[{"href":"https:\/\/dus4you.de\/index.php\/wp-json\/wp\/v2\/media?parent=22333"}],"wp:term":[{"taxonomy":"category","embeddable":true,"href":"https:\/\/dus4you.de\/index.php\/wp-json\/wp\/v2\/categories?post=22333"},{"taxonomy":"post_tag","embeddable":true,"href":"https:\/\/dus4you.de\/index.php\/wp-json\/wp\/v2\/tags?post=22333"}],"curies":[{"name":"wp","href":"https:\/\/api.w.org\/{rel}","templated":true}]}}